{"id":100066,"date":"2017-02-17T12:52:47","date_gmt":"2017-02-17T17:52:47","guid":{"rendered":"http:\/\/www.fiscalia.gov.co\/colombia\/?p=100066"},"modified":"2017-02-17T12:54:26","modified_gmt":"2017-02-17T17:54:26","slug":"fiscalia-imputo-cargos-a-companero-de-trabajo-de-victima-de-homicidio-en-estacion-de-megabus","status":"publish","type":"post","link":"https:\/\/www.fiscalia.gov.co\/colombia\/noticias\/fiscalia-imputo-cargos-a-companero-de-trabajo-de-victima-de-homicidio-en-estacion-de-megabus\/","title":{"rendered":"Fiscal\u00eda imput\u00f3 cargos a compa\u00f1ero de trabajo de hombre asesinado en estaci\u00f3n de Megab\u00fas"},"content":{"rendered":"<p><span style=\"text-decoration: underline;\"><em>Tambi\u00e9n fueron capturadas otras dos personas por el CTI y la Sij\u00edn<\/em><\/span><\/p>\n<p>Un compa\u00f1ero de trabajo ser\u00eda el autor intelectual del homicidio de Luis Stevenson Mu\u00f1oz, empleado de una embotelladora de Dosquebradas (Risaralda) quien el 19 de noviembre de 2016 fue asesinado con arma de fuego por robarle la suma de $7 millones cuando se encontraba dentro de la estaci\u00f3n Villavicencio del Sistema Integrado de Transporte Masivo de la ciudad, Megab\u00fas.<\/p>\n<p>El procesado, identificado como Rubiel L\u00f3pez Chalarc\u00e1, fue detenido en la madrugada de ayer en un operativo realizado por la polic\u00eda judicial CTI de la Fiscal\u00eda y la Sij\u00edn de la Polic\u00eda. Durante las diligencias, efectuadas en Dosquebradas y Pereira, tambi\u00e9n fueron aprehendidos Yuli Alexandra Arango Morales, compa\u00f1era sentimental y propietaria de la moto implicada en el il\u00edcito, y Gustavo Adolfo Motato Cano, quien, conducir\u00eda el veh\u00edculo.<\/p>\n<p>A este \u00faltimo la Fiscal\u00eda le imput\u00f3 en calidad de determinador a t\u00edtulo de dolo los delitos de homicidio agravado con fines de hurto, hurto calificado y agravado y porte ilegal de armas de fuego y municiones agravado; lo mismo sucedi\u00f3 con los otros dos, pero en calidad de coautores. Durante las audiencias de control de garant\u00edas, ninguno acept\u00f3 los cargos imputados por un fiscal de la Unidad de Vida de la Seccional.<\/p>\n<p>La Fiscal\u00eda cuenta con el material probatorio suficiente y evidencia f\u00edsica para demostrar que ellos se unieron para urdir el plan que acab\u00f3 con la vida de Mu\u00f1oz cuando se dirig\u00eda a llevar el producido del d\u00eda de la bodega que administraba, ubicada a unas cuantas cuadras de la estaci\u00f3n, y a la que por fuerza mayor tuvo que ir ya que el compa\u00f1ero que siempre lo recog\u00eda para entregar el dinero en la f\u00e1brica no lo hizo; por eso tomar\u00eda un articulado.<\/p>\n<p>Fue as\u00ed como los procesados L\u00f3pez Chalarc\u00e1, Motato Cano, Jhonier Alex\u00e1nder L\u00f3pez \u2500ya condenado por este hecho\u2500, y Arango Morales, se habr\u00edan aprovechado para robar a la v\u00edctima.<\/p>\n<p>Se evidencia en videos de c\u00e1maras de seguridad de la zona que desde tempranas horas de la tarde estuvieron vigilando la bodega hasta la hora en que se visualiza que Gustavo Adolfo Motato pas\u00f3 en la moto sobre un puente peatonal de la Avenida Ferrocarril de la capital risaraldense hasta llegar a la estaci\u00f3n, y posteriormente se marcha con el condenado quien huye luego de haberle disparado al hombre de 30 a\u00f1os.<\/p>\n<p>Se conoci\u00f3 a trav\u00e9s de interrogatorio presentado por L\u00f3pez, luego de su captura en diciembre de 2016 en Cartagena (Bol\u00edvar), que la mujer fue quien lo ubic\u00f3 a \u00e9l y a Gustavo para que cometieran el delito que aparentemente ser\u00eda solo el hurto; ella les inform\u00f3 que su esposo trabajaba en la embotelladora y que conoc\u00eda todo el recorrido, cantidades de dinero a transportar y detalles relacionados con la actividad que ejerc\u00eda la v\u00edctima fatal, y por ende, pod\u00edan cometer el robo sin problema. Es m\u00e1s, se habl\u00f3 en su momento de otros posibles hurtos que m\u00e1s adelante podr\u00edan cumplir en otras bodegas de la misma empresa.<\/p>\n<p>La Polic\u00eda judicial descubri\u00f3 conversaciones por WhatsApp entre Gustavo y Jhonier Alex\u00e1nder L\u00f3pez que los compromete. Se hallaron fotos en las playas de Cartagena del ya sentenciado por el crimen a 30 a\u00f1os, y de quien manejaba la motocicleta, con un fajo de billetes, entre otros.<\/p>\n<p>Para sustentar la solicitud de medida de aseguramiento en centro carcelario, el representante de la Fiscal\u00eda se\u00f1al\u00f3 que todos podr\u00edan representar un peligro, particularmente para la pareja sentimental del occiso de quien se habla en una de las conversaciones halladas por los peritos. En dicho di\u00e1logo, se indaga sobre su lugar de residencia, y se lanzan palabras soeces en su contra, debido a que ella \u00a0estaba ofreciendo una recompensa de $7 millones para dar con el paradero del responsable de la muerte su pareja.<\/p>\n<p>Pese a esto la judicatura no le dict\u00f3 ninguna medida privativa a Rubiel, mientras que los otros dos fueron afectados con medida de aseguramiento en establecimiento carcelario.<\/p>\n<p>PAA\/KYBR<\/p>\n\n<div class=\"twitter-share\"><a href=\"https:\/\/twitter.com\/intent\/tweet?via=fiscaliacol\" class=\"twitter-share-button\">Tweet<\/a><\/div>\n","protected":false},"excerpt":{"rendered":"<p>Tambi\u00e9n fueron capturadas otras dos personas por el CTI y la Sij\u00edn Un compa\u00f1ero de trabajo ser\u00eda el autor intelectual del homicidio de Luis Stevenson Mu\u00f1oz, empleado de una embotelladora de Dosquebradas (Risaralda) quien el 19 de noviembre de 2016 fue asesinado con arma de fuego por robarle la suma de $7 millones cuando se [&hellip;]<\/p>\n","protected":false},"author":143,"featured_media":0,"comment_status":"closed","ping_status":"open","sticky":false,"template":"","format":"standard","meta":{"_price":"","_stock":"","_tribe_ticket_header":"","_tribe_default_ticket_provider":"","_tribe_ticket_capacity":"0","_ticket_start_date":"","_ticket_end_date":"","_tribe_ticket_show_description":"","_tribe_ticket_show_not_going":false,"_tribe_ticket_use_global_stock":"","_tribe_ticket_global_stock_level":"","_global_stock_mode":"","_global_stock_cap":"","_tribe_rsvp_for_event":"","_tribe_ticket_going_count":"","_tribe_ticket_not_going_count":"","_tribe_tickets_list":"[]","_tribe_ticket_has_attendee_info_fields":false,"tdm_status":"","tdm_grid_status":"","footnotes":""},"categories":[1],"tags":[11101],"class_list":{"0":"post-100066","1":"post","2":"type-post","3":"status-publish","4":"format-standard","6":"category-noticias","7":"tag-seguridad-ciudadana"},"yoast_head":"<!-- This site is optimized with the Yoast SEO plugin v24.3 - https:\/\/yoast.com\/wordpress\/plugins\/seo\/ -->\n<title>Fiscal\u00eda General de la Naci\u00f3n<\/title>\n<meta name=\"description\" content=\"P\u00e1gina oficial de la Fiscal\u00eda General de la Naci\u00f3n \u2013 Colombia. Garantizamos el acceso efectivo a la justicia, la verdad y la reparaci\u00f3n de las v\u00edctimas de los delitos.\" \/>\n<meta name=\"robots\" content=\"noindex, follow\" \/>\n<meta property=\"og:locale\" content=\"es_ES\" \/>\n<meta property=\"og:type\" content=\"article\" \/>\n<meta property=\"og:title\" content=\"Fiscal\u00eda General de la Naci\u00f3n\" \/>\n<meta property=\"og:description\" content=\"P\u00e1gina oficial de la Fiscal\u00eda General de la Naci\u00f3n \u2013 Colombia. Garantizamos el acceso efectivo a la justicia, la verdad y la reparaci\u00f3n de las v\u00edctimas de los delitos.\" \/>\n<meta property=\"og:url\" content=\"https:\/\/www.fiscalia.gov.co\/colombia\/noticias\/fiscalia-imputo-cargos-a-companero-de-trabajo-de-victima-de-homicidio-en-estacion-de-megabus\/\" \/>\n<meta property=\"og:site_name\" content=\"Fiscal\u00eda General de la Naci\u00f3n\" \/>\n<meta property=\"article:publisher\" content=\"https:\/\/www.facebook.com\/FiscaliaCol\" \/>\n<meta property=\"article:published_time\" content=\"2017-02-17T17:52:47+00:00\" \/>\n<meta property=\"article:modified_time\" content=\"2017-02-17T17:54:26+00:00\" \/>\n<meta name=\"author\" content=\"dfgordillo\" \/>\n<meta name=\"twitter:card\" content=\"summary_large_image\" \/>\n<meta name=\"twitter:creator\" content=\"@FiscaliaCol\" \/>\n<meta name=\"twitter:site\" content=\"@FiscaliaCol\" \/>\n<meta name=\"twitter:label1\" content=\"Escrito por\" \/>\n\t<meta name=\"twitter:data1\" content=\"dfgordillo\" \/>\n\t<meta name=\"twitter:label2\" content=\"Tiempo de lectura\" \/>\n\t<meta name=\"twitter:data2\" content=\"4 minutos\" \/>\n<script type=\"application\/ld+json\" class=\"yoast-schema-graph\">{\"@context\":\"https:\/\/schema.org\",\"@graph\":[{\"@type\":\"Article\",\"@id\":\"https:\/\/www.fiscalia.gov.co\/colombia\/noticias\/fiscalia-imputo-cargos-a-companero-de-trabajo-de-victima-de-homicidio-en-estacion-de-megabus\/#article\",\"isPartOf\":{\"@id\":\"https:\/\/www.fiscalia.gov.co\/colombia\/noticias\/fiscalia-imputo-cargos-a-companero-de-trabajo-de-victima-de-homicidio-en-estacion-de-megabus\/\"},\"author\":{\"name\":\"dfgordillo\",\"@id\":\"https:\/\/www.fiscalia.gov.co\/colombia\/#\/schema\/person\/3903856a3ce2d54b094c69eb29247895\"},\"headline\":\"Fiscal\u00eda imput\u00f3 cargos a compa\u00f1ero de trabajo de hombre asesinado en estaci\u00f3n de Megab\u00fas\",\"datePublished\":\"2017-02-17T17:52:47+00:00\",\"dateModified\":\"2017-02-17T17:54:26+00:00\",\"mainEntityOfPage\":{\"@id\":\"https:\/\/www.fiscalia.gov.co\/colombia\/noticias\/fiscalia-imputo-cargos-a-companero-de-trabajo-de-victima-de-homicidio-en-estacion-de-megabus\/\"},\"wordCount\":728,\"publisher\":{\"@id\":\"https:\/\/www.fiscalia.gov.co\/colombia\/#organization\"},\"keywords\":[\"Seguridad ciudadana\"],\"articleSection\":[\"Noticias\"],\"inLanguage\":\"es-CO\"},{\"@type\":\"WebPage\",\"@id\":\"https:\/\/www.fiscalia.gov.co\/colombia\/noticias\/fiscalia-imputo-cargos-a-companero-de-trabajo-de-victima-de-homicidio-en-estacion-de-megabus\/\",\"url\":\"https:\/\/www.fiscalia.gov.co\/colombia\/noticias\/fiscalia-imputo-cargos-a-companero-de-trabajo-de-victima-de-homicidio-en-estacion-de-megabus\/\",\"name\":\"Fiscal\u00eda General de la Naci\u00f3n\",\"isPartOf\":{\"@id\":\"https:\/\/www.fiscalia.gov.co\/colombia\/#website\"},\"datePublished\":\"2017-02-17T17:52:47+00:00\",\"dateModified\":\"2017-02-17T17:54:26+00:00\",\"description\":\"P\u00e1gina oficial de la Fiscal\u00eda General de la Naci\u00f3n \u2013 Colombia. Garantizamos el acceso efectivo a la justicia, la verdad y la reparaci\u00f3n de las v\u00edctimas de los delitos.\",\"breadcrumb\":{\"@id\":\"https:\/\/www.fiscalia.gov.co\/colombia\/noticias\/fiscalia-imputo-cargos-a-companero-de-trabajo-de-victima-de-homicidio-en-estacion-de-megabus\/#breadcrumb\"},\"inLanguage\":\"es-CO\",\"potentialAction\":[{\"@type\":\"ReadAction\",\"target\":[\"https:\/\/www.fiscalia.gov.co\/colombia\/noticias\/fiscalia-imputo-cargos-a-companero-de-trabajo-de-victima-de-homicidio-en-estacion-de-megabus\/\"]}]},{\"@type\":\"BreadcrumbList\",\"@id\":\"https:\/\/www.fiscalia.gov.co\/colombia\/noticias\/fiscalia-imputo-cargos-a-companero-de-trabajo-de-victima-de-homicidio-en-estacion-de-megabus\/#breadcrumb\",\"itemListElement\":[{\"@type\":\"ListItem\",\"position\":1,\"name\":\"Home\",\"item\":\"https:\/\/www.fiscalia.gov.co\/colombia\/\"},{\"@type\":\"ListItem\",\"position\":2,\"name\":\"Fiscal\u00eda imput\u00f3 cargos a compa\u00f1ero de trabajo de hombre asesinado en estaci\u00f3n de Megab\u00fas\"}]},{\"@type\":\"WebSite\",\"@id\":\"https:\/\/www.fiscalia.gov.co\/colombia\/#website\",\"url\":\"https:\/\/www.fiscalia.gov.co\/colombia\/\",\"name\":\"Fiscal\u00eda General de la Naci\u00f3n\",\"description\":\"P\u00e1gina oficial de la Fiscal\u00eda General de la Naci\u00f3n \u2013 Colombia. Garantizamos el acceso efectivo a la justicia, la verdad y la reparaci\u00f3n de las v\u00edctimas de los delitos.\",\"publisher\":{\"@id\":\"https:\/\/www.fiscalia.gov.co\/colombia\/#organization\"},\"potentialAction\":[{\"@type\":\"SearchAction\",\"target\":{\"@type\":\"EntryPoint\",\"urlTemplate\":\"https:\/\/www.fiscalia.gov.co\/colombia\/?s={search_term_string}\"},\"query-input\":{\"@type\":\"PropertyValueSpecification\",\"valueRequired\":true,\"valueName\":\"search_term_string\"}}],\"inLanguage\":\"es-CO\"},{\"@type\":\"Organization\",\"@id\":\"https:\/\/www.fiscalia.gov.co\/colombia\/#organization\",\"name\":\"Fiscal\u00eda General de la Naci\u00f3n\",\"url\":\"https:\/\/www.fiscalia.gov.co\/colombia\/\",\"logo\":{\"@type\":\"ImageObject\",\"inLanguage\":\"es-CO\",\"@id\":\"https:\/\/www.fiscalia.gov.co\/colombia\/#\/schema\/logo\/image\/\",\"url\":\"https:\/\/www.fiscalia.gov.co\/colombia\/wp-content\/uploads\/LogoHorizontal_1.jpg\",\"contentUrl\":\"https:\/\/www.fiscalia.gov.co\/colombia\/wp-content\/uploads\/LogoHorizontal_1.jpg\",\"width\":300,\"height\":90,\"caption\":\"Fiscal\u00eda General de la Naci\u00f3n\"},\"image\":{\"@id\":\"https:\/\/www.fiscalia.gov.co\/colombia\/#\/schema\/logo\/image\/\"},\"sameAs\":[\"https:\/\/www.facebook.com\/FiscaliaCol\",\"https:\/\/x.com\/FiscaliaCol\",\"https:\/\/www.instagram.com\/fiscaliacol\",\"https:\/\/www.linkedin.com\/company\/fiscalia-general-de-la-naci-n\/\",\"https:\/\/youtube.com\/@fiscaliageneraldelanacion-4668?si=6nN79nyQICPU5iTh\"]},{\"@type\":\"Person\",\"@id\":\"https:\/\/www.fiscalia.gov.co\/colombia\/#\/schema\/person\/3903856a3ce2d54b094c69eb29247895\",\"name\":\"dfgordillo\",\"image\":{\"@type\":\"ImageObject\",\"inLanguage\":\"es-CO\",\"@id\":\"https:\/\/www.fiscalia.gov.co\/colombia\/#\/schema\/person\/image\/\",\"url\":\"https:\/\/secure.gravatar.com\/avatar\/b6356e21c5657c60757fe6fb9493e947?s=96&d=mm&r=g\",\"contentUrl\":\"https:\/\/secure.gravatar.com\/avatar\/b6356e21c5657c60757fe6fb9493e947?s=96&d=mm&r=g\",\"caption\":\"dfgordillo\"},\"sameAs\":[\"dfgordillo\"],\"url\":\"https:\/\/www.fiscalia.gov.co\/colombia\/author\/dfgordillo\/\"}]}<\/script>\n<!-- \/ Yoast SEO plugin. -->","yoast_head_json":{"title":"Fiscal\u00eda General de la Naci\u00f3n","description":"P\u00e1gina oficial de la Fiscal\u00eda General de la Naci\u00f3n \u2013 Colombia. Garantizamos el acceso efectivo a la justicia, la verdad y la reparaci\u00f3n de las v\u00edctimas de los delitos.","robots":{"index":"noindex","follow":"follow"},"og_locale":"es_ES","og_type":"article","og_title":"Fiscal\u00eda General de la Naci\u00f3n","og_description":"P\u00e1gina oficial de la Fiscal\u00eda General de la Naci\u00f3n \u2013 Colombia. Garantizamos el acceso efectivo a la justicia, la verdad y la reparaci\u00f3n de las v\u00edctimas de los delitos.","og_url":"https:\/\/www.fiscalia.gov.co\/colombia\/noticias\/fiscalia-imputo-cargos-a-companero-de-trabajo-de-victima-de-homicidio-en-estacion-de-megabus\/","og_site_name":"Fiscal\u00eda General de la Naci\u00f3n","article_publisher":"https:\/\/www.facebook.com\/FiscaliaCol","article_published_time":"2017-02-17T17:52:47+00:00","article_modified_time":"2017-02-17T17:54:26+00:00","author":"dfgordillo","twitter_card":"summary_large_image","twitter_creator":"@FiscaliaCol","twitter_site":"@FiscaliaCol","twitter_misc":{"Escrito por":"dfgordillo","Tiempo de lectura":"4 minutos"},"schema":{"@context":"https:\/\/schema.org","@graph":[{"@type":"Article","@id":"https:\/\/www.fiscalia.gov.co\/colombia\/noticias\/fiscalia-imputo-cargos-a-companero-de-trabajo-de-victima-de-homicidio-en-estacion-de-megabus\/#article","isPartOf":{"@id":"https:\/\/www.fiscalia.gov.co\/colombia\/noticias\/fiscalia-imputo-cargos-a-companero-de-trabajo-de-victima-de-homicidio-en-estacion-de-megabus\/"},"author":{"name":"dfgordillo","@id":"https:\/\/www.fiscalia.gov.co\/colombia\/#\/schema\/person\/3903856a3ce2d54b094c69eb29247895"},"headline":"Fiscal\u00eda imput\u00f3 cargos a compa\u00f1ero de trabajo de hombre asesinado en estaci\u00f3n de Megab\u00fas","datePublished":"2017-02-17T17:52:47+00:00","dateModified":"2017-02-17T17:54:26+00:00","mainEntityOfPage":{"@id":"https:\/\/www.fiscalia.gov.co\/colombia\/noticias\/fiscalia-imputo-cargos-a-companero-de-trabajo-de-victima-de-homicidio-en-estacion-de-megabus\/"},"wordCount":728,"publisher":{"@id":"https:\/\/www.fiscalia.gov.co\/colombia\/#organization"},"keywords":["Seguridad ciudadana"],"articleSection":["Noticias"],"inLanguage":"es-CO"},{"@type":"WebPage","@id":"https:\/\/www.fiscalia.gov.co\/colombia\/noticias\/fiscalia-imputo-cargos-a-companero-de-trabajo-de-victima-de-homicidio-en-estacion-de-megabus\/","url":"https:\/\/www.fiscalia.gov.co\/colombia\/noticias\/fiscalia-imputo-cargos-a-companero-de-trabajo-de-victima-de-homicidio-en-estacion-de-megabus\/","name":"Fiscal\u00eda General de la Naci\u00f3n","isPartOf":{"@id":"https:\/\/www.fiscalia.gov.co\/colombia\/#website"},"datePublished":"2017-02-17T17:52:47+00:00","dateModified":"2017-02-17T17:54:26+00:00","description":"P\u00e1gina oficial de la Fiscal\u00eda General de la Naci\u00f3n \u2013 Colombia. Garantizamos el acceso efectivo a la justicia, la verdad y la reparaci\u00f3n de las v\u00edctimas de los delitos.","breadcrumb":{"@id":"https:\/\/www.fiscalia.gov.co\/colombia\/noticias\/fiscalia-imputo-cargos-a-companero-de-trabajo-de-victima-de-homicidio-en-estacion-de-megabus\/#breadcrumb"},"inLanguage":"es-CO","potentialAction":[{"@type":"ReadAction","target":["https:\/\/www.fiscalia.gov.co\/colombia\/noticias\/fiscalia-imputo-cargos-a-companero-de-trabajo-de-victima-de-homicidio-en-estacion-de-megabus\/"]}]},{"@type":"BreadcrumbList","@id":"https:\/\/www.fiscalia.gov.co\/colombia\/noticias\/fiscalia-imputo-cargos-a-companero-de-trabajo-de-victima-de-homicidio-en-estacion-de-megabus\/#breadcrumb","itemListElement":[{"@type":"ListItem","position":1,"name":"Home","item":"https:\/\/www.fiscalia.gov.co\/colombia\/"},{"@type":"ListItem","position":2,"name":"Fiscal\u00eda imput\u00f3 cargos a compa\u00f1ero de trabajo de hombre asesinado en estaci\u00f3n de Megab\u00fas"}]},{"@type":"WebSite","@id":"https:\/\/www.fiscalia.gov.co\/colombia\/#website","url":"https:\/\/www.fiscalia.gov.co\/colombia\/","name":"Fiscal\u00eda General de la Naci\u00f3n","description":"P\u00e1gina oficial de la Fiscal\u00eda General de la Naci\u00f3n \u2013 Colombia. Garantizamos el acceso efectivo a la justicia, la verdad y la reparaci\u00f3n de las v\u00edctimas de los delitos.","publisher":{"@id":"https:\/\/www.fiscalia.gov.co\/colombia\/#organization"},"potentialAction":[{"@type":"SearchAction","target":{"@type":"EntryPoint","urlTemplate":"https:\/\/www.fiscalia.gov.co\/colombia\/?s={search_term_string}"},"query-input":{"@type":"PropertyValueSpecification","valueRequired":true,"valueName":"search_term_string"}}],"inLanguage":"es-CO"},{"@type":"Organization","@id":"https:\/\/www.fiscalia.gov.co\/colombia\/#organization","name":"Fiscal\u00eda General de la Naci\u00f3n","url":"https:\/\/www.fiscalia.gov.co\/colombia\/","logo":{"@type":"ImageObject","inLanguage":"es-CO","@id":"https:\/\/www.fiscalia.gov.co\/colombia\/#\/schema\/logo\/image\/","url":"https:\/\/www.fiscalia.gov.co\/colombia\/wp-content\/uploads\/LogoHorizontal_1.jpg","contentUrl":"https:\/\/www.fiscalia.gov.co\/colombia\/wp-content\/uploads\/LogoHorizontal_1.jpg","width":300,"height":90,"caption":"Fiscal\u00eda General de la Naci\u00f3n"},"image":{"@id":"https:\/\/www.fiscalia.gov.co\/colombia\/#\/schema\/logo\/image\/"},"sameAs":["https:\/\/www.facebook.com\/FiscaliaCol","https:\/\/x.com\/FiscaliaCol","https:\/\/www.instagram.com\/fiscaliacol","https:\/\/www.linkedin.com\/company\/fiscalia-general-de-la-naci-n\/","https:\/\/youtube.com\/@fiscaliageneraldelanacion-4668?si=6nN79nyQICPU5iTh"]},{"@type":"Person","@id":"https:\/\/www.fiscalia.gov.co\/colombia\/#\/schema\/person\/3903856a3ce2d54b094c69eb29247895","name":"dfgordillo","image":{"@type":"ImageObject","inLanguage":"es-CO","@id":"https:\/\/www.fiscalia.gov.co\/colombia\/#\/schema\/person\/image\/","url":"https:\/\/secure.gravatar.com\/avatar\/b6356e21c5657c60757fe6fb9493e947?s=96&d=mm&r=g","contentUrl":"https:\/\/secure.gravatar.com\/avatar\/b6356e21c5657c60757fe6fb9493e947?s=96&d=mm&r=g","caption":"dfgordillo"},"sameAs":["dfgordillo"],"url":"https:\/\/www.fiscalia.gov.co\/colombia\/author\/dfgordillo\/"}]}},"_links":{"self":[{"href":"https:\/\/www.fiscalia.gov.co\/colombia\/wp-json\/wp\/v2\/posts\/100066","targetHints":{"allow":["GET"]}}],"collection":[{"href":"https:\/\/www.fiscalia.gov.co\/colombia\/wp-json\/wp\/v2\/posts"}],"about":[{"href":"https:\/\/www.fiscalia.gov.co\/colombia\/wp-json\/wp\/v2\/types\/post"}],"author":[{"embeddable":true,"href":"https:\/\/www.fiscalia.gov.co\/colombia\/wp-json\/wp\/v2\/users\/143"}],"replies":[{"embeddable":true,"href":"https:\/\/www.fiscalia.gov.co\/colombia\/wp-json\/wp\/v2\/comments?post=100066"}],"version-history":[{"count":3,"href":"https:\/\/www.fiscalia.gov.co\/colombia\/wp-json\/wp\/v2\/posts\/100066\/revisions"}],"predecessor-version":[{"id":100068,"href":"https:\/\/www.fiscalia.gov.co\/colombia\/wp-json\/wp\/v2\/posts\/100066\/revisions\/100068"}],"wp:attachment":[{"href":"https:\/\/www.fiscalia.gov.co\/colombia\/wp-json\/wp\/v2\/media?parent=100066"}],"wp:term":[{"taxonomy":"category","embeddable":true,"href":"https:\/\/www.fiscalia.gov.co\/colombia\/wp-json\/wp\/v2\/categories?post=100066"},{"taxonomy":"post_tag","embeddable":true,"href":"https:\/\/www.fiscalia.gov.co\/colombia\/wp-json\/wp\/v2\/tags?post=100066"}],"curies":[{"name":"wp","href":"https:\/\/api.w.org\/{rel}","templated":true}]}}