{"id":44574,"date":"2025-11-25T14:12:16","date_gmt":"2025-11-25T19:12:16","guid":{"rendered":"https:\/\/www.fiscalia.gov.co\/colombia\/en\/?p=44574"},"modified":"2025-11-25T16:49:18","modified_gmt":"2025-11-25T21:49:18","slug":"the-office-of-the-attorney-general-prosecuted-six-alleged-individuals-involved-in-drug-trafficking-in-valle-del-cauca","status":"publish","type":"post","link":"https:\/\/www.fiscalia.gov.co\/colombia\/en\/2025\/11\/25\/the-office-of-the-attorney-general-prosecuted-six-alleged-individuals-involved-in-drug-trafficking-in-valle-del-cauca\/","title":{"rendered":"The Office of the Attorney General prosecuted six alleged individuals involved in drug trafficking in Valle del Cauca"},"content":{"rendered":"<p><span data-contrast=\"auto\">In four independent cases, the Office of the Attorney\u00a0General prosecuted\u00a0six alleged individuals implicated in the illicit trade of marijuana and cocaine in\u00a0Guacar\u00ed,\u00a0Yotoco, and Guadalajara de Buga (Valle del Cauca).<\/span><span data-ccp-props=\"{&quot;134233117&quot;:false,&quot;134233118&quot;:false,&quot;335551550&quot;:0,&quot;335551620&quot;:0,&quot;335559738&quot;:240,&quot;335559739&quot;:240}\">\u00a0<\/span><\/p>\n<p><span data-contrast=\"auto\">These are separate cases in which prosecutors\u00a0belonging to the branch office in\u00a0Valle del Cauca\u00a0(Seccional\u00a0Valle del Cauca)\u00a0charged the defendants, according to their\u00a0individual responsibilities, with trafficking, manufacturing, or possession of narcotics, and illegal possession of firearms.<\/span><span data-ccp-props=\"{&quot;134233117&quot;:false,&quot;134233118&quot;:false,&quot;335551550&quot;:0,&quot;335551620&quot;:0,&quot;335559738&quot;:240,&quot;335559739&quot;:240}\">\u00a0<\/span><\/p>\n<p><span data-contrast=\"auto\">Juan Manuel Llano Rend\u00f3n and Jhon\u00a0Stic\u00a0Mazuera Acevedo were prosecuted\u00a0in Buga\u00a0after being caught in\u00a0flagrante\u00a0on November 13 during a search\u00a0warrant\u00a0at a residence in La Honda neighborhood. Authorities allegedly\u00a0found\u00a0170\u00a0grams of cocaine base and 4 kilograms of marijuana\u00a0in one of the rooms, as well as ammunition and two firearms.<\/span><span data-ccp-props=\"{&quot;134233117&quot;:false,&quot;134233118&quot;:false,&quot;335551550&quot;:0,&quot;335551620&quot;:0,&quot;335559738&quot;:240,&quot;335559739&quot;:240}\">\u00a0<\/span><\/p>\n<p><span data-contrast=\"auto\">In\u00a0Yotoco, Roger Alejandro Sep\u00falveda\u00a0Buritic\u00e1\u00a0was prosecuted for allegedly transporting 92.5 grams of cocaine hydrochloride and 2,350 grams of marijuana in a public service vehicle. His arrest took place on November 15 on the road from Buga to Buenaventura (Valle del Cauca).<\/span><span data-ccp-props=\"{&quot;134233117&quot;:false,&quot;134233118&quot;:false,&quot;335551550&quot;:0,&quot;335551620&quot;:0,&quot;335559738&quot;:240,&quot;335559739&quot;:240}\">\u00a0<\/span><\/p>\n<p><span data-contrast=\"auto\">Meanwhile, in Ginebra, Jos\u00e9 Santiago Rend\u00f3n Saldarriaga, Andrey Felipe V\u00e1squez Saldarriaga, and Luis Miguel Estrada\u00a0Namundia\u00a0were prosecuted for drug trafficking.<\/span><span data-ccp-props=\"{&quot;134233117&quot;:false,&quot;134233118&quot;:false,&quot;335551550&quot;:0,&quot;335551620&quot;:0,&quot;335559738&quot;:240,&quot;335559739&quot;:240}\">\u00a0<\/span><\/p>\n<p><span data-contrast=\"auto\">The people allegedly involved must serve prison sentence and house arrest according to the judges\u2019 decision. None pleaded guilty to the charges brought by the Prosecutor\u2019s Office.<\/span><span data-ccp-props=\"{&quot;134233117&quot;:false,&quot;134233118&quot;:false,&quot;335551550&quot;:0,&quot;335551620&quot;:0,&quot;335559738&quot;:240,&quot;335559739&quot;:240}\">\u00a0<\/span><\/p>\n<p><i><span data-contrast=\"auto\">The information contained in this press release corresponds to the narration of the\u00a0objective\u00a0news provided by the officials in charge of carrying out criminal investigations within the Office of the Attorney General. By the time this communication is\u00a0disclosed, the legal status of the people mentioned is still pending to be resolved by the competent judicial authority, always under the presumption of innocence contemplated by Article 29 of the Political Constitution and Article 7 of Law 906 of 2004.<\/span><\/i><span data-ccp-props=\"{&quot;134245418&quot;:true,&quot;134245529&quot;:true,&quot;335559738&quot;:360,&quot;335559739&quot;:80}\">\u00a0<\/span><\/p>\n","protected":false},"excerpt":{"rendered":"<p>In four independent cases, the Office of the Attorney\u00a0General prosecuted\u00a0six alleged individuals implicated in the illicit trade of marijuana and cocaine in\u00a0Guacar\u00ed,\u00a0Yotoco, and Guadalajara de Buga (Valle del Cauca).\u00a0 These are separate cases in which prosecutors\u00a0belonging to the branch office in\u00a0Valle del Cauca\u00a0(Seccional\u00a0Valle del Cauca)\u00a0charged the defendants, according to their\u00a0individual responsibilities, with trafficking, manufacturing, or [&hellip;]<\/p>\n","protected":false},"author":8,"featured_media":0,"comment_status":"open","ping_status":"open","sticky":false,"template":"","format":"standard","meta":{"footnotes":""},"categories":[1],"tags":[],"class_list":{"0":"post-44574","1":"post","2":"type-post","3":"status-publish","4":"format-standard","6":"category-news"},"_links":{"self":[{"href":"https:\/\/www.fiscalia.gov.co\/colombia\/en\/wp-json\/wp\/v2\/posts\/44574"}],"collection":[{"href":"https:\/\/www.fiscalia.gov.co\/colombia\/en\/wp-json\/wp\/v2\/posts"}],"about":[{"href":"https:\/\/www.fiscalia.gov.co\/colombia\/en\/wp-json\/wp\/v2\/types\/post"}],"author":[{"embeddable":true,"href":"https:\/\/www.fiscalia.gov.co\/colombia\/en\/wp-json\/wp\/v2\/users\/8"}],"replies":[{"embeddable":true,"href":"https:\/\/www.fiscalia.gov.co\/colombia\/en\/wp-json\/wp\/v2\/comments?post=44574"}],"version-history":[{"count":1,"href":"https:\/\/www.fiscalia.gov.co\/colombia\/en\/wp-json\/wp\/v2\/posts\/44574\/revisions"}],"predecessor-version":[{"id":44575,"href":"https:\/\/www.fiscalia.gov.co\/colombia\/en\/wp-json\/wp\/v2\/posts\/44574\/revisions\/44575"}],"wp:attachment":[{"href":"https:\/\/www.fiscalia.gov.co\/colombia\/en\/wp-json\/wp\/v2\/media?parent=44574"}],"wp:term":[{"taxonomy":"category","embeddable":true,"href":"https:\/\/www.fiscalia.gov.co\/colombia\/en\/wp-json\/wp\/v2\/categories?post=44574"},{"taxonomy":"post_tag","embeddable":true,"href":"https:\/\/www.fiscalia.gov.co\/colombia\/en\/wp-json\/wp\/v2\/tags?post=44574"}],"curies":[{"name":"wp","href":"https:\/\/api.w.org\/{rel}","templated":true}]}}