{"id":44563,"date":"2025-11-21T14:58:48","date_gmt":"2025-11-21T19:58:48","guid":{"rendered":"https:\/\/www.fiscalia.gov.co\/colombia\/en\/?p=44563"},"modified":"2025-11-21T16:15:11","modified_gmt":"2025-11-21T21:15:11","slug":"two-alleged-members-of-a-criminal-group-involved-in-local-drug-trafficking-were-arrested-in-neiva","status":"publish","type":"post","link":"https:\/\/www.fiscalia.gov.co\/colombia\/en\/2025\/11\/21\/two-alleged-members-of-a-criminal-group-involved-in-local-drug-trafficking-were-arrested-in-neiva\/","title":{"rendered":"Two alleged members of a criminal group involved in local drug trafficking were arrested in Neiva"},"content":{"rendered":"<p><span data-contrast=\"auto\">Based on the\u00a0evidence collected by the Office of the Attorney General,\u00a0a judge imposed a\u00a0prison\u00a0sentence on\u00a0Mar\u00eda\u00a0Liced\u00a0Caicedo Pe\u00f1uela, alias\u00a0<\/span><i><span data-contrast=\"auto\">La Mona<\/span><\/i><span data-contrast=\"auto\">, and Sharly Lesly Marieth Medina Almario, alleged members of the criminal group known as <\/span><i><span data-contrast=\"auto\">Cuento Tres<\/span><\/i><span data-contrast=\"auto\">,\u00a0involved\u00a0in\u00a0local\u00a0drug trafficking in Neiva (Huila).<\/span><span data-ccp-props=\"{&quot;134233117&quot;:false,&quot;134233118&quot;:false,&quot;335551550&quot;:0,&quot;335551620&quot;:0,&quot;335559738&quot;:240,&quot;335559739&quot;:240}\">\u00a0<\/span><\/p>\n<p><span data-contrast=\"auto\">A prosecutor\u00a0beloging to the\u00a0so-called\u00a0Estructura\u00a0de\u00a0Apoyo\u00a0EDA (Support Structure\u00a0Unit) charged them with aggravated conspiracy to commit\u00a0a crime\u00a0and trafficking, manufacturing, or possession of narcotics. The defendants did not\u00a0plead guilty to\u00a0the charges.<\/span><span data-ccp-props=\"{&quot;134233117&quot;:false,&quot;134233118&quot;:false,&quot;335551550&quot;:0,&quot;335551620&quot;:0,&quot;335559738&quot;:240,&quot;335559739&quot;:240}\">\u00a0<\/span><\/p>\n<p><span data-contrast=\"auto\">According to the investigation, since June 2024 until now, the defendants allegedly sold marijuana in small doses in neighborhoods such as: Los M\u00e1rtires, Plazas Al Cid, Rojas Trujillo, and Jos\u00e9 Antonio Gal\u00e1n, &#8216;comunas&#8217; 3 and 6.<\/span><span data-ccp-props=\"{&quot;134233117&quot;:false,&quot;134233118&quot;:false,&quot;335551550&quot;:0,&quot;335551620&quot;:0,&quot;335559738&quot;:240,&quot;335559739&quot;:240}\">\u00a0<\/span><\/p>\n<p><span data-contrast=\"auto\">It is believed that these women distributed the substance in the form of handmade cigarettes sold at different prices, mostly acquired by homeless individuals. They concealed the marijuana in plastic bags hidden in wooded areas to evade the authorities.<\/span><\/p>\n<p><span data-contrast=\"auto\">During a search warrant carried out by the National Police in Los M\u00e1rtires neighborhood, both women were arrested. In addition, two cell phones and cash derived from drug sales were seized.<\/span><span data-ccp-props=\"{&quot;134233117&quot;:false,&quot;134233118&quot;:false,&quot;335551550&quot;:0,&quot;335551620&quot;:0,&quot;335559738&quot;:240,&quot;335559739&quot;:240}\">\u00a0<\/span><\/p>\n<p><i><span data-contrast=\"auto\">The information contained in this press release corresponds to the narration of the\u00a0objective\u00a0news provided by the officials in charge of carrying out criminal investigations within the Office of the Attorney General. By the time this communication is\u00a0disclosed, the legal status of the people mentioned is still pending to be resolved by the competent judicial authority, always under the presumption of innocence contemplated by Article 29 of the Political Constitution and Article 7 of Law 906 of 2004.<\/span><\/i><span data-ccp-props=\"{&quot;134245418&quot;:true,&quot;134245529&quot;:true,&quot;335559738&quot;:360,&quot;335559739&quot;:80}\">\u00a0<\/span><\/p>\n<p><span data-ccp-props=\"{&quot;134233117&quot;:false,&quot;134233118&quot;:false,&quot;335551550&quot;:0,&quot;335551620&quot;:0,&quot;335559738&quot;:240,&quot;335559739&quot;:240}\">\u00a0<\/span><\/p>\n","protected":false},"excerpt":{"rendered":"<p>Based on the\u00a0evidence collected by the Office of the Attorney General,\u00a0a judge imposed a\u00a0prison\u00a0sentence on\u00a0Mar\u00eda\u00a0Liced\u00a0Caicedo Pe\u00f1uela, alias\u00a0La Mona, and Sharly Lesly Marieth Medina Almario, alleged members of the criminal group known as Cuento Tres,\u00a0involved\u00a0in\u00a0local\u00a0drug trafficking in Neiva (Huila).\u00a0 A prosecutor\u00a0beloging to the\u00a0so-called\u00a0Estructura\u00a0de\u00a0Apoyo\u00a0EDA (Support Structure\u00a0Unit) charged them with aggravated conspiracy to commit\u00a0a crime\u00a0and trafficking, manufacturing, or [&hellip;]<\/p>\n","protected":false},"author":8,"featured_media":0,"comment_status":"open","ping_status":"open","sticky":false,"template":"","format":"standard","meta":{"footnotes":""},"categories":[1],"tags":[],"class_list":{"0":"post-44563","1":"post","2":"type-post","3":"status-publish","4":"format-standard","6":"category-news"},"_links":{"self":[{"href":"https:\/\/www.fiscalia.gov.co\/colombia\/en\/wp-json\/wp\/v2\/posts\/44563"}],"collection":[{"href":"https:\/\/www.fiscalia.gov.co\/colombia\/en\/wp-json\/wp\/v2\/posts"}],"about":[{"href":"https:\/\/www.fiscalia.gov.co\/colombia\/en\/wp-json\/wp\/v2\/types\/post"}],"author":[{"embeddable":true,"href":"https:\/\/www.fiscalia.gov.co\/colombia\/en\/wp-json\/wp\/v2\/users\/8"}],"replies":[{"embeddable":true,"href":"https:\/\/www.fiscalia.gov.co\/colombia\/en\/wp-json\/wp\/v2\/comments?post=44563"}],"version-history":[{"count":2,"href":"https:\/\/www.fiscalia.gov.co\/colombia\/en\/wp-json\/wp\/v2\/posts\/44563\/revisions"}],"predecessor-version":[{"id":44565,"href":"https:\/\/www.fiscalia.gov.co\/colombia\/en\/wp-json\/wp\/v2\/posts\/44563\/revisions\/44565"}],"wp:attachment":[{"href":"https:\/\/www.fiscalia.gov.co\/colombia\/en\/wp-json\/wp\/v2\/media?parent=44563"}],"wp:term":[{"taxonomy":"category","embeddable":true,"href":"https:\/\/www.fiscalia.gov.co\/colombia\/en\/wp-json\/wp\/v2\/categories?post=44563"},{"taxonomy":"post_tag","embeddable":true,"href":"https:\/\/www.fiscalia.gov.co\/colombia\/en\/wp-json\/wp\/v2\/tags?post=44563"}],"curies":[{"name":"wp","href":"https:\/\/api.w.org\/{rel}","templated":true}]}}