{"id":44445,"date":"2025-09-29T15:51:48","date_gmt":"2025-09-29T20:51:48","guid":{"rendered":"https:\/\/www.fiscalia.gov.co\/colombia\/en\/?p=44445"},"modified":"2025-10-02T14:58:36","modified_gmt":"2025-10-02T19:58:36","slug":"seven-people-allegedly-responsible-for-the-commission-of-homicide-were-prosecuted-in-tulua","status":"publish","type":"post","link":"https:\/\/www.fiscalia.gov.co\/colombia\/en\/2025\/09\/29\/seven-people-allegedly-responsible-for-the-commission-of-homicide-were-prosecuted-in-tulua\/","title":{"rendered":"Seven people allegedly responsible for the commission of homicide were prosecuted in Tulu\u00e1"},"content":{"rendered":"<p><span data-contrast=\"none\">The Attorney General&#8217;s Office brought\u00a0seven people allegedly involved in the murder of a man on April 25 before a judge\u00a0in Tulu\u00e1 (Valle del Cauca).<\/span><span data-ccp-props=\"{&quot;134245418&quot;:true,&quot;134245529&quot;:true,&quot;335559738&quot;:360,&quot;335559739&quot;:80}\">\u00a0<\/span><\/p>\n<p><span data-contrast=\"none\">The people allegedly involved are:<\/span> <span data-contrast=\"none\">Juan David Pati\u00f1o Ospina, Luis Norberto C\u00e1rdenas Jim\u00e9nez, Juan Camilo Hurtado Hurtado, Andr\u00e9s Juli\u00e1n Rold\u00e1n Holgu\u00edn, Jos\u00e9 \u00c1ngel Naspiral Gonz\u00e1lez, Luis Alberto Torres Giraldo and Jos\u00e9 Estiven Caicedo Castillo.<\/span><span data-ccp-props=\"{&quot;134245418&quot;:true,&quot;134245529&quot;:true,&quot;335559738&quot;:360,&quot;335559739&quot;:80}\">\u00a0<\/span><\/p>\n<p><span data-contrast=\"none\">The facts under investigation are related to the discovery of body parts in La Playita area, on Tulu\u00e1 river. According to the investigation, the victim was tortured and dismembered. Third parties were allegedly forced to transport the victim to the location where he was found.<\/span><span data-ccp-props=\"{&quot;134245418&quot;:true,&quot;134245529&quot;:true,&quot;335559738&quot;:360,&quot;335559739&quot;:80}\">\u00a0<\/span><\/p>\n<p><span data-contrast=\"none\">The arrests were carried out on September 23 by the National Police. A prosecutor belonging to the branch office in Valle del Cauca (Seccional Valle del Cauca) charged them with homicide and kidnapping (both aggravated), constrain to commit a crime. None of them pleaded guilty to the charges.<\/span><span data-ccp-props=\"{&quot;134245418&quot;:true,&quot;134245529&quot;:true,&quot;335559738&quot;:360,&quot;335559739&quot;:80}\">\u00a0<\/span><\/p>\n<p><span data-contrast=\"none\">The judge\u00a0 ruled that the alleged suspects must serve their detention in prison, with the exception of C\u00e1rdenas Jim\u00e9nez who must serve home detention.<\/span><span data-ccp-props=\"{&quot;134245418&quot;:true,&quot;134245529&quot;:true,&quot;335559738&quot;:360,&quot;335559739&quot;:80}\">\u00a0<\/span><\/p>\n<p><i><span data-contrast=\"auto\">The information contained in this press release corresponds to the narration of the objective news provided by the officials in charge of carrying out criminal investigations within the Office of the Attorney General. By the time this communication is disclosed, the legal status of the people mentioned is still pending to be resolved by the competent judicial authority, always under the presumption of innocence contemplated by Article 29 of the Political Constitution and Article 7 of Law 906 of 2004.<\/span><\/i><span data-ccp-props=\"{&quot;134245418&quot;:true,&quot;134245529&quot;:true,&quot;335559738&quot;:360,&quot;335559739&quot;:80}\">\u00a0<\/span><\/p>\n","protected":false},"excerpt":{"rendered":"<p>The Attorney General&#8217;s Office brought\u00a0seven people allegedly involved in the murder of a man on April 25 before a judge\u00a0in Tulu\u00e1 (Valle del Cauca).\u00a0 The people allegedly involved are: Juan David Pati\u00f1o Ospina, Luis Norberto C\u00e1rdenas Jim\u00e9nez, Juan Camilo Hurtado Hurtado, Andr\u00e9s Juli\u00e1n Rold\u00e1n Holgu\u00edn, Jos\u00e9 \u00c1ngel Naspiral Gonz\u00e1lez, Luis Alberto Torres Giraldo and Jos\u00e9 [&hellip;]<\/p>\n","protected":false},"author":8,"featured_media":0,"comment_status":"open","ping_status":"open","sticky":false,"template":"","format":"standard","meta":{"footnotes":""},"categories":[1],"tags":[],"class_list":{"0":"post-44445","1":"post","2":"type-post","3":"status-publish","4":"format-standard","6":"category-news"},"_links":{"self":[{"href":"https:\/\/www.fiscalia.gov.co\/colombia\/en\/wp-json\/wp\/v2\/posts\/44445"}],"collection":[{"href":"https:\/\/www.fiscalia.gov.co\/colombia\/en\/wp-json\/wp\/v2\/posts"}],"about":[{"href":"https:\/\/www.fiscalia.gov.co\/colombia\/en\/wp-json\/wp\/v2\/types\/post"}],"author":[{"embeddable":true,"href":"https:\/\/www.fiscalia.gov.co\/colombia\/en\/wp-json\/wp\/v2\/users\/8"}],"replies":[{"embeddable":true,"href":"https:\/\/www.fiscalia.gov.co\/colombia\/en\/wp-json\/wp\/v2\/comments?post=44445"}],"version-history":[{"count":1,"href":"https:\/\/www.fiscalia.gov.co\/colombia\/en\/wp-json\/wp\/v2\/posts\/44445\/revisions"}],"predecessor-version":[{"id":44446,"href":"https:\/\/www.fiscalia.gov.co\/colombia\/en\/wp-json\/wp\/v2\/posts\/44445\/revisions\/44446"}],"wp:attachment":[{"href":"https:\/\/www.fiscalia.gov.co\/colombia\/en\/wp-json\/wp\/v2\/media?parent=44445"}],"wp:term":[{"taxonomy":"category","embeddable":true,"href":"https:\/\/www.fiscalia.gov.co\/colombia\/en\/wp-json\/wp\/v2\/categories?post=44445"},{"taxonomy":"post_tag","embeddable":true,"href":"https:\/\/www.fiscalia.gov.co\/colombia\/en\/wp-json\/wp\/v2\/tags?post=44445"}],"curies":[{"name":"wp","href":"https:\/\/api.w.org\/{rel}","templated":true}]}}