{"id":44390,"date":"2025-09-24T11:09:11","date_gmt":"2025-09-24T16:09:11","guid":{"rendered":"https:\/\/www.fiscalia.gov.co\/colombia\/en\/?p=44390"},"modified":"2025-09-24T16:54:38","modified_gmt":"2025-09-24T21:54:38","slug":"eight-people-were-sent-to-prison-for-alleged-petty-drug-dealing-in-manuela-beltran-park-in-bucaramanga","status":"publish","type":"post","link":"https:\/\/www.fiscalia.gov.co\/colombia\/en\/2025\/09\/24\/eight-people-were-sent-to-prison-for-alleged-petty-drug-dealing-in-manuela-beltran-park-in-bucaramanga\/","title":{"rendered":"Eight people were sent to prison for alleged petty drug dealing in Manuela Beltr\u00e1n park in Bucaramanga"},"content":{"rendered":"<p><span data-contrast=\"auto\">At the request of the Attorney General&#8217;s Office, a judge ordered a prison sentence against eight people accused of selling illicit substances at Manuela Beltr\u00e1n park in Bucaramanga (Santander).<\/span><span data-ccp-props=\"{&quot;134245418&quot;:true,&quot;134245529&quot;:true,&quot;335559738&quot;:360,&quot;335559739&quot;:80}\">\u00a0<\/span><\/p>\n<p><span data-contrast=\"auto\">Judicial police work revealed how the defendants had settled there due to the high attendance of national and foreign citizens. They allegedly sold illicit substances there between March and June of this year.<\/span><span data-ccp-props=\"{&quot;134245418&quot;:true,&quot;134245529&quot;:true,&quot;335559738&quot;:360,&quot;335559739&quot;:80}\">\u00a0<\/span><\/p>\n<p><span data-contrast=\"auto\">The joint actions between the Office of the Attorney General, the National Police and Army led to the arrest of <\/span><span data-contrast=\"auto\">Elvis Jes\u00fas Sajonero Mantilla, Giraldo Gamboa Henao, H\u00e9bert Eliab Torres Su\u00e1rez, Sergio Andr\u00e9s Ospina Barrera, Brian Schneider Ruiz Bravo, Camilo Andr\u00e9s Rivera Monoga, Didier Santiago Quiroga Arce and Juan Sebasti\u00e1n Villamizar Sandoval.<\/span><span data-ccp-props=\"{&quot;134245418&quot;:true,&quot;134245529&quot;:true,&quot;335559738&quot;:360,&quot;335559739&quot;:80}\">\u00a0<\/span><\/p>\n<p><span data-contrast=\"auto\">All of them were charged with drug trafficking, manufacturing, or possession. They did not plead guilty to the charges.<\/span><span data-ccp-props=\"{&quot;134245418&quot;:true,&quot;134245529&quot;:true,&quot;335559738&quot;:360,&quot;335559739&quot;:80}\">\u00a0<\/span><\/p>\n<p><i><span data-contrast=\"auto\">The information contained in this press release corresponds to the narration of the objective news provided by the officials in charge of carrying out criminal investigations within the Office of the Attorney General. By the time this communication is disclosed, the legal status of the people mentioned is still pending to be resolved by the competent judicial authority, always under the presumption of innocence contemplated by Article 29 of the Political Constitution and Article 7 of Law 906 of 2004.<\/span><\/i><span data-ccp-props=\"{&quot;134245418&quot;:true,&quot;134245529&quot;:true,&quot;335559738&quot;:360,&quot;335559739&quot;:80}\">\u00a0<\/span><\/p>\n","protected":false},"excerpt":{"rendered":"<p>At the request of the Attorney General&#8217;s Office, a judge ordered a prison sentence against eight people accused of selling illicit substances at Manuela Beltr\u00e1n park in Bucaramanga (Santander).\u00a0 Judicial police work revealed how the defendants had settled there due to the high attendance of national and foreign citizens. They allegedly sold illicit substances there [&hellip;]<\/p>\n","protected":false},"author":8,"featured_media":0,"comment_status":"open","ping_status":"open","sticky":false,"template":"","format":"standard","meta":{"footnotes":""},"categories":[1],"tags":[],"class_list":{"0":"post-44390","1":"post","2":"type-post","3":"status-publish","4":"format-standard","6":"category-news"},"_links":{"self":[{"href":"https:\/\/www.fiscalia.gov.co\/colombia\/en\/wp-json\/wp\/v2\/posts\/44390"}],"collection":[{"href":"https:\/\/www.fiscalia.gov.co\/colombia\/en\/wp-json\/wp\/v2\/posts"}],"about":[{"href":"https:\/\/www.fiscalia.gov.co\/colombia\/en\/wp-json\/wp\/v2\/types\/post"}],"author":[{"embeddable":true,"href":"https:\/\/www.fiscalia.gov.co\/colombia\/en\/wp-json\/wp\/v2\/users\/8"}],"replies":[{"embeddable":true,"href":"https:\/\/www.fiscalia.gov.co\/colombia\/en\/wp-json\/wp\/v2\/comments?post=44390"}],"version-history":[{"count":2,"href":"https:\/\/www.fiscalia.gov.co\/colombia\/en\/wp-json\/wp\/v2\/posts\/44390\/revisions"}],"predecessor-version":[{"id":44392,"href":"https:\/\/www.fiscalia.gov.co\/colombia\/en\/wp-json\/wp\/v2\/posts\/44390\/revisions\/44392"}],"wp:attachment":[{"href":"https:\/\/www.fiscalia.gov.co\/colombia\/en\/wp-json\/wp\/v2\/media?parent=44390"}],"wp:term":[{"taxonomy":"category","embeddable":true,"href":"https:\/\/www.fiscalia.gov.co\/colombia\/en\/wp-json\/wp\/v2\/categories?post=44390"},{"taxonomy":"post_tag","embeddable":true,"href":"https:\/\/www.fiscalia.gov.co\/colombia\/en\/wp-json\/wp\/v2\/tags?post=44390"}],"curies":[{"name":"wp","href":"https:\/\/api.w.org\/{rel}","templated":true}]}}