{"id":44361,"date":"2025-09-18T17:06:40","date_gmt":"2025-09-18T22:06:40","guid":{"rendered":"https:\/\/www.fiscalia.gov.co\/colombia\/en\/?p=44361"},"modified":"2025-09-19T11:42:38","modified_gmt":"2025-09-19T16:42:38","slug":"kepha-criminal-group-involved-in-selective-homicides-in-quindio-and-valle-del-cauca-received-a-hard-blow","status":"publish","type":"post","link":"https:\/\/www.fiscalia.gov.co\/colombia\/en\/2025\/09\/18\/kepha-criminal-group-involved-in-selective-homicides-in-quindio-and-valle-del-cauca-received-a-hard-blow\/","title":{"rendered":"Kepha criminal group involved in selective homicides in Quind\u00edo and Valle del Cauca received a hard blow"},"content":{"rendered":"<p><span data-contrast=\"auto\">At the request of the Attorney General&#8217;s Office, a judge imposed a prison sentence on seven alleged members of the so-called Kepha criminal group, which operates in municipalities such as La Tebaida, Armenia (Quind\u00edo), Caicedonia, Alcal\u00e1, and La Victoria (Valle del Cauca).<\/span><span data-ccp-props=\"{&quot;134245418&quot;:true,&quot;134245529&quot;:true,&quot;335559738&quot;:360,&quot;335559739&quot;:80}\">\u00a0<\/span><\/p>\n<p><span data-contrast=\"auto\">A prosecutor appointed to the branch of Quind\u00edo (Seccional Quind\u00edo) charged them with conspiracy to commit a crime and homicide; both aggravated offenses; as well as trafficking, manufacturing, or possession of narcotics; and manufacturing, trafficking, possession of firearms, accessories, parts, or ammunition. The defendants did not plead guilty to the charges.<\/span><span data-ccp-props=\"{&quot;134245418&quot;:true,&quot;134245529&quot;:true,&quot;335559738&quot;:360,&quot;335559739&quot;:80}\">\u00a0<\/span><\/p>\n<p><span data-contrast=\"auto\">During 12 search warrants carried out in the above mentioned municipalities, officers from the Technical Investigation Unit, with the support of the National Police, arrested <\/span><span data-contrast=\"auto\">Angy Maryori Foronda, Holmes Morales Carmona, Edilson Mu\u00f1oz, Luis Guillermo Arias Mar\u00edn, V\u00edctor Alfonso Pe\u00f1a Casta\u00f1eda, Mario Andr\u00e9s Mu\u00f1oz Rodas and Orlando Esteban Buitrago Flor.<\/span><span data-ccp-props=\"{&quot;134245418&quot;:true,&quot;134245529&quot;:true,&quot;335559738&quot;:360,&quot;335559739&quot;:80}\">\u00a0<\/span><\/p>\n<p><span data-contrast=\"auto\">The investigation revealed that Kepha is a criminal group involved in the commission of selective murders in these municipalities for territorial control of local drug trafficking. These individuals are allegedly linked to seven homicides and one attempted homicide.<\/span><span data-ccp-props=\"{&quot;134245418&quot;:true,&quot;134245529&quot;:true,&quot;335559738&quot;:360,&quot;335559739&quot;:80}\">\u00a0<\/span><\/p>\n<p><span data-contrast=\"auto\">Nathalia Mu\u00f1oz, Eduar Stiven Ram\u00edrez S\u00e1nchez, and Mar\u00eda Edilsa Caicedo C\u00e1rdenas were also arrested\u00a0in flagrante. They were charged, based on their individual responsibility, with trafficking, manufacturing, or drugs possession; and manufacturing, trafficking, possessing firearms, accessories, parts, or ammunition. These defendants did not plead guilty to the charges and were sent to prison.<\/span><span data-ccp-props=\"{&quot;134245418&quot;:true,&quot;134245529&quot;:true,&quot;335559738&quot;:360,&quot;335559739&quot;:80}\">\u00a0<\/span><\/p>\n<p><i><span data-contrast=\"auto\">The information contained in this press release corresponds to the narration of the objective news provided by the officials in charge of carrying out criminal investigations within the Office of the Attorney General. By the time this communication is disclosed, the legal status of the people mentioned is still pending to be resolved by the competent judicial authority, always under the presumption of innocence contemplated by Article 29 of the Political Constitution and Article 7 of Law 906 of 2004.<\/span><\/i><span data-ccp-props=\"{&quot;134245418&quot;:true,&quot;134245529&quot;:true,&quot;335559738&quot;:360,&quot;335559739&quot;:80}\">\u00a0<\/span><\/p>\n<p><span data-ccp-props=\"{&quot;134245418&quot;:true,&quot;134245529&quot;:true,&quot;335559738&quot;:360,&quot;335559739&quot;:80}\">\u00a0<\/span><\/p>\n","protected":false},"excerpt":{"rendered":"<p>At the request of the Attorney General&#8217;s Office, a judge imposed a prison sentence on seven alleged members of the so-called Kepha criminal group, which operates in municipalities such as La Tebaida, Armenia (Quind\u00edo), Caicedonia, Alcal\u00e1, and La Victoria (Valle del Cauca).\u00a0 A prosecutor appointed to the branch of Quind\u00edo (Seccional Quind\u00edo) charged them with [&hellip;]<\/p>\n","protected":false},"author":8,"featured_media":0,"comment_status":"open","ping_status":"open","sticky":false,"template":"","format":"standard","meta":{"footnotes":""},"categories":[1],"tags":[],"class_list":{"0":"post-44361","1":"post","2":"type-post","3":"status-publish","4":"format-standard","6":"category-news"},"_links":{"self":[{"href":"https:\/\/www.fiscalia.gov.co\/colombia\/en\/wp-json\/wp\/v2\/posts\/44361"}],"collection":[{"href":"https:\/\/www.fiscalia.gov.co\/colombia\/en\/wp-json\/wp\/v2\/posts"}],"about":[{"href":"https:\/\/www.fiscalia.gov.co\/colombia\/en\/wp-json\/wp\/v2\/types\/post"}],"author":[{"embeddable":true,"href":"https:\/\/www.fiscalia.gov.co\/colombia\/en\/wp-json\/wp\/v2\/users\/8"}],"replies":[{"embeddable":true,"href":"https:\/\/www.fiscalia.gov.co\/colombia\/en\/wp-json\/wp\/v2\/comments?post=44361"}],"version-history":[{"count":1,"href":"https:\/\/www.fiscalia.gov.co\/colombia\/en\/wp-json\/wp\/v2\/posts\/44361\/revisions"}],"predecessor-version":[{"id":44362,"href":"https:\/\/www.fiscalia.gov.co\/colombia\/en\/wp-json\/wp\/v2\/posts\/44361\/revisions\/44362"}],"wp:attachment":[{"href":"https:\/\/www.fiscalia.gov.co\/colombia\/en\/wp-json\/wp\/v2\/media?parent=44361"}],"wp:term":[{"taxonomy":"category","embeddable":true,"href":"https:\/\/www.fiscalia.gov.co\/colombia\/en\/wp-json\/wp\/v2\/categories?post=44361"},{"taxonomy":"post_tag","embeddable":true,"href":"https:\/\/www.fiscalia.gov.co\/colombia\/en\/wp-json\/wp\/v2\/tags?post=44361"}],"curies":[{"name":"wp","href":"https:\/\/api.w.org\/{rel}","templated":true}]}}