{"id":43927,"date":"2025-03-26T16:06:36","date_gmt":"2025-03-26T21:06:36","guid":{"rendered":"https:\/\/www.fiscalia.gov.co\/colombia\/en\/?p=43927"},"modified":"2025-03-27T11:58:51","modified_gmt":"2025-03-27T16:58:51","slug":"alias-mello-an-alleged-member-of-los-mexicanos-was-prosecuted-for-his-apparent-participation-in-a-homicide","status":"publish","type":"post","link":"https:\/\/www.fiscalia.gov.co\/colombia\/en\/2025\/03\/26\/alias-mello-an-alleged-member-of-los-mexicanos-was-prosecuted-for-his-apparent-participation-in-a-homicide\/","title":{"rendered":"Alias \u200b\u200bMello, an alleged member of Los Mexicanos, was prosecuted for his apparent participation in a homicide"},"content":{"rendered":"<p><span style=\"font-weight: 400;\">A prosecutor appointed to the branch office in Choc\u00f3 (Seccional Choc\u00f3) prosecuted Luis Camilo Mena Padilla, alias Mello, as the alleged perpetrator of aggravated homicide and trafficking in firearms, ammunition, and accessories.<\/span><\/p>\n<p><span style=\"font-weight: 400;\">The victim was Neber Cordero Rohatan, murdered on January 21, 2025, in Cuatro Esquinas area of \u200bLos \u00c1ngeles neighborhood in Quibd\u00f3 (Choc\u00f3). For this crime, Mena Padilla is being prosecuted.<\/span><\/p>\n<p><span style=\"font-weight: 400;\">Analysis of security cameras in the area revealed the route taken by those allegedly involved in the crime in order to carry out the murder.<\/span><\/p>\n<p><span style=\"font-weight: 400;\">The evidence indicates that \u2018Mello\u2019 apparently belongs to Los Mexicanos criminal organization, a criminal network that operates in Rosales, Minuto de Dios, El Jard\u00edn, La Aurora, and Las Mercedes neighborhoods, among others, in Quibd\u00f3.<\/span><\/p>\n<p><span style=\"font-weight: 400;\">By the judge&#8217;s decision, alias El Mello must serve house arrest.<\/span><\/p>\n<p><i><span style=\"font-weight: 400;\">\u00a0The information contained in this press release corresponds to the narration of the objective news provided by the officials in charge of carrying out criminal investigations within the Office of the Attorney General. By the time this communication is disclosed, the legal status of the people mentioned is still pending to be resolved by the competent judicial authority, always under the presumption of innocence contemplated by Article 29 of the Political Constitution and Article 7 of Law 906 of 2004.<\/span><\/i><\/p>\n","protected":false},"excerpt":{"rendered":"<p>A prosecutor appointed to the branch office in Choc\u00f3 (Seccional Choc\u00f3) prosecuted Luis Camilo Mena Padilla, alias Mello, as the alleged perpetrator of aggravated homicide and trafficking in firearms, ammunition, and accessories. The victim was Neber Cordero Rohatan, murdered on January 21, 2025, in Cuatro Esquinas area of \u200bLos \u00c1ngeles neighborhood in Quibd\u00f3 (Choc\u00f3). For [&hellip;]<\/p>\n","protected":false},"author":8,"featured_media":0,"comment_status":"open","ping_status":"open","sticky":false,"template":"","format":"standard","meta":{"footnotes":""},"categories":[1],"tags":[],"class_list":{"0":"post-43927","1":"post","2":"type-post","3":"status-publish","4":"format-standard","6":"category-news"},"_links":{"self":[{"href":"https:\/\/www.fiscalia.gov.co\/colombia\/en\/wp-json\/wp\/v2\/posts\/43927"}],"collection":[{"href":"https:\/\/www.fiscalia.gov.co\/colombia\/en\/wp-json\/wp\/v2\/posts"}],"about":[{"href":"https:\/\/www.fiscalia.gov.co\/colombia\/en\/wp-json\/wp\/v2\/types\/post"}],"author":[{"embeddable":true,"href":"https:\/\/www.fiscalia.gov.co\/colombia\/en\/wp-json\/wp\/v2\/users\/8"}],"replies":[{"embeddable":true,"href":"https:\/\/www.fiscalia.gov.co\/colombia\/en\/wp-json\/wp\/v2\/comments?post=43927"}],"version-history":[{"count":1,"href":"https:\/\/www.fiscalia.gov.co\/colombia\/en\/wp-json\/wp\/v2\/posts\/43927\/revisions"}],"predecessor-version":[{"id":43928,"href":"https:\/\/www.fiscalia.gov.co\/colombia\/en\/wp-json\/wp\/v2\/posts\/43927\/revisions\/43928"}],"wp:attachment":[{"href":"https:\/\/www.fiscalia.gov.co\/colombia\/en\/wp-json\/wp\/v2\/media?parent=43927"}],"wp:term":[{"taxonomy":"category","embeddable":true,"href":"https:\/\/www.fiscalia.gov.co\/colombia\/en\/wp-json\/wp\/v2\/categories?post=43927"},{"taxonomy":"post_tag","embeddable":true,"href":"https:\/\/www.fiscalia.gov.co\/colombia\/en\/wp-json\/wp\/v2\/tags?post=43927"}],"curies":[{"name":"wp","href":"https:\/\/api.w.org\/{rel}","templated":true}]}}