{"id":43906,"date":"2025-03-19T10:17:59","date_gmt":"2025-03-19T15:17:59","guid":{"rendered":"https:\/\/www.fiscalia.gov.co\/colombia\/en\/?p=43906"},"modified":"2025-03-20T15:55:22","modified_gmt":"2025-03-20T20:55:22","slug":"alias-domingo-must-serve-a-prison-sentence-for-coordinating-an-alleged-network-which-allegedly-provided-resources-to-obtain-information-about-military-operations-in-choco","status":"publish","type":"post","link":"https:\/\/www.fiscalia.gov.co\/colombia\/en\/2025\/03\/19\/alias-domingo-must-serve-a-prison-sentence-for-coordinating-an-alleged-network-which-allegedly-provided-resources-to-obtain-information-about-military-operations-in-choco\/","title":{"rendered":"Alias \u200b\u200bDomingo must serve a prison sentence for coordinating an alleged network which allegedly provided resources to obtain information about military operations in Choc\u00f3"},"content":{"rendered":"<h4><i><span style=\"font-weight: 400;\"><strong>The alleged leader of a substructure of the so-called &#8220;Clan del Golfo&#8221; was charged with aggravated criminal conspiracy<\/strong>\u00a0<\/span><\/i><\/h4>\n<p><span style=\"font-weight: 400;\">A prosecutor appointed to the Directorate Specialized in the fight against Criminal Organizations brought Larry Arley Ogaza Molina, alias Domingo or Jes\u00fas Mar\u00eda, the alleged leader of the substructure <\/span><i><span style=\"font-weight: 400;\">Pac\u00edfico o Playas<\/span><\/i><span style=\"font-weight: 400;\"> of the so-called &#8220;Clan del Golfo,&#8221; <strong>who would be allegedly involved in paying money to members of the armed forces to obtain information on operations in Choc\u00f3.<\/strong><\/span><\/p>\n<p><span style=\"font-weight: 400;\">With the information, the illegal armed group allegedly <strong>coordinated the execution of various criminal activities such as arms trafficking and the smuggling of narcotics<\/strong> to the Pacific coast to be sent to various international destinations.<\/span><\/p>\n<p><span style=\"font-weight: 400;\">Alias \u200b\u200bDomingo or Jes\u00fas Mar\u00eda is also allegedly responsible for the training and indoctrination of new members for the Pac\u00edfico substructure.<\/span><\/p>\n<p><span style=\"font-weight: 400;\">Therefore, he was arrested in proceedings conducted by the Dijin of the <strong>National Police and the Navy, while he was traveling on a public road in Pizarro, Bajo Baud\u00f3 (Choc\u00f3).<\/strong> During the procedure, a bulletproof vest and two cell phones were seized.<\/span><\/p>\n<p><span style=\"font-weight: 400;\">The Office of the Attorney General charged Ogaza Molina with aggravated criminal conspiracy. He did not plead guilty<\/span><\/p>\n<p><span style=\"font-weight: 400;\">The Office of the Attorney General makes this information public for reasons of general interest.<\/span><\/p>\n<p><i><span style=\"font-weight: 400;\">The information contained in this press release corresponds to the narration of the objective news provided by the officials in charge of carrying out criminal investigations within the Office of the Attorney General. By the time this communication is disclosed, the legal status of the people mentioned is still pending to be resolved by the competent judicial authority, always under the presumption of innocence contemplated by Article 29 of the Political Constitution and Article 7 of Law 906 of 2004.<\/span><\/i><\/p>\n","protected":false},"excerpt":{"rendered":"<p>The alleged leader of a substructure of the so-called &#8220;Clan del Golfo&#8221; was charged with aggravated criminal conspiracy\u00a0 A prosecutor appointed to the Directorate Specialized in the fight against Criminal Organizations brought Larry Arley Ogaza Molina, alias Domingo or Jes\u00fas Mar\u00eda, the alleged leader of the substructure Pac\u00edfico o Playas of the so-called &#8220;Clan del [&hellip;]<\/p>\n","protected":false},"author":8,"featured_media":0,"comment_status":"open","ping_status":"open","sticky":false,"template":"","format":"standard","meta":{"footnotes":""},"categories":[1],"tags":[],"class_list":{"0":"post-43906","1":"post","2":"type-post","3":"status-publish","4":"format-standard","6":"category-news"},"_links":{"self":[{"href":"https:\/\/www.fiscalia.gov.co\/colombia\/en\/wp-json\/wp\/v2\/posts\/43906"}],"collection":[{"href":"https:\/\/www.fiscalia.gov.co\/colombia\/en\/wp-json\/wp\/v2\/posts"}],"about":[{"href":"https:\/\/www.fiscalia.gov.co\/colombia\/en\/wp-json\/wp\/v2\/types\/post"}],"author":[{"embeddable":true,"href":"https:\/\/www.fiscalia.gov.co\/colombia\/en\/wp-json\/wp\/v2\/users\/8"}],"replies":[{"embeddable":true,"href":"https:\/\/www.fiscalia.gov.co\/colombia\/en\/wp-json\/wp\/v2\/comments?post=43906"}],"version-history":[{"count":2,"href":"https:\/\/www.fiscalia.gov.co\/colombia\/en\/wp-json\/wp\/v2\/posts\/43906\/revisions"}],"predecessor-version":[{"id":43908,"href":"https:\/\/www.fiscalia.gov.co\/colombia\/en\/wp-json\/wp\/v2\/posts\/43906\/revisions\/43908"}],"wp:attachment":[{"href":"https:\/\/www.fiscalia.gov.co\/colombia\/en\/wp-json\/wp\/v2\/media?parent=43906"}],"wp:term":[{"taxonomy":"category","embeddable":true,"href":"https:\/\/www.fiscalia.gov.co\/colombia\/en\/wp-json\/wp\/v2\/categories?post=43906"},{"taxonomy":"post_tag","embeddable":true,"href":"https:\/\/www.fiscalia.gov.co\/colombia\/en\/wp-json\/wp\/v2\/tags?post=43906"}],"curies":[{"name":"wp","href":"https:\/\/api.w.org\/{rel}","templated":true}]}}