{"id":43729,"date":"2025-02-24T14:38:47","date_gmt":"2025-02-24T19:38:47","guid":{"rendered":"https:\/\/www.fiscalia.gov.co\/colombia\/en\/?p=43729"},"modified":"2025-02-25T12:00:52","modified_gmt":"2025-02-25T17:00:52","slug":"alleged-leader-of-the-farc-dissidents-was-sent-to-prison-for-kidnapping-of-a-couple-and-other-criminal-actions-in-catatumbo","status":"publish","type":"post","link":"https:\/\/www.fiscalia.gov.co\/colombia\/en\/2025\/02\/24\/alleged-leader-of-the-farc-dissidents-was-sent-to-prison-for-kidnapping-of-a-couple-and-other-criminal-actions-in-catatumbo\/","title":{"rendered":"Alleged leader of the FARC dissidents was sent to prison for kidnapping of a couple and other criminal actions in Catatumbo"},"content":{"rendered":"<h4><strong><i>This person would be involved in the storage of firearms and explosives to carry out criminal actions against the Public Force and the community.<\/i><\/strong><\/h4>\n<p><span style=\"font-weight: 400;\">The Attorney General&#8217;s Office achieved the prosecution of <strong>Adri\u00e1n S\u00e1nchez Dur\u00e1n, alias Zarco or Josu\u00e9, alleged leader and head of finances of a mobile column of the 33rd Front of the FARC dissidents.<\/strong> This person allegedly participated in the illegal detention of a couple, in Norte de Santander, among other criminal actions.<\/span><\/p>\n<p><span style=\"font-weight: 400;\">A prosecutor charged him conspiracy to commit a crime and aggravated kidnapping for ransom. He did not plead guilty to the charges and a judge ordered him to serve a sentence in prison.\u00a0<\/span><\/p>\n<p><span style=\"font-weight: 400;\">The investigation carried out by the Office of the Attorney General allowed to establish that the accused <strong>had participated in the kidnapping of a married couple on August 20, 2024, in La Playa de Bel\u00e9n (Norte de Santander).<\/strong><\/span><\/p>\n<p><span style=\"font-weight: 400;\">Likewise, it was determined that this man as <strong>head of finances, was allegedly in charge of coordinating the extortions to merchants and transporters of food products in Oca\u00f1a, El Carmen and Convenci\u00f3n (Norte de Santander).<\/strong><\/span><\/p>\n<p><span style=\"font-weight: 400;\">Moreover, he was involved in the storage of firearms and explosives to carry out criminal actions against the public force and the community.<\/span><\/p>\n<p><span style=\"font-weight: 400;\">S\u00e1nchez Dur\u00e1n was arrested by the National Army and Gaula of the National Police, by virtue of a court order.<\/span><\/p>\n<p><i><span style=\"font-weight: 400;\">The information contained in this press release corresponds to the narration of the objective news provided by the officials in charge of carrying out criminal investigations within the Office of the Attorney General. By the time this communication is disclosed, the legal status of the people mentioned is still pending to be resolved by the competent judicial authority, always under the presumption of innocence contemplated by Article 29 of the Political Constitution and Article 7 of Law 906 of 2004.<\/span><\/i><\/p>\n","protected":false},"excerpt":{"rendered":"<p>This person would be involved in the storage of firearms and explosives to carry out criminal actions against the Public Force and the community. The Attorney General&#8217;s Office achieved the prosecution of Adri\u00e1n S\u00e1nchez Dur\u00e1n, alias Zarco or Josu\u00e9, alleged leader and head of finances of a mobile column of the 33rd Front of the [&hellip;]<\/p>\n","protected":false},"author":8,"featured_media":0,"comment_status":"open","ping_status":"open","sticky":false,"template":"","format":"standard","meta":{"footnotes":""},"categories":[1],"tags":[],"class_list":{"0":"post-43729","1":"post","2":"type-post","3":"status-publish","4":"format-standard","6":"category-news"},"_links":{"self":[{"href":"https:\/\/www.fiscalia.gov.co\/colombia\/en\/wp-json\/wp\/v2\/posts\/43729"}],"collection":[{"href":"https:\/\/www.fiscalia.gov.co\/colombia\/en\/wp-json\/wp\/v2\/posts"}],"about":[{"href":"https:\/\/www.fiscalia.gov.co\/colombia\/en\/wp-json\/wp\/v2\/types\/post"}],"author":[{"embeddable":true,"href":"https:\/\/www.fiscalia.gov.co\/colombia\/en\/wp-json\/wp\/v2\/users\/8"}],"replies":[{"embeddable":true,"href":"https:\/\/www.fiscalia.gov.co\/colombia\/en\/wp-json\/wp\/v2\/comments?post=43729"}],"version-history":[{"count":2,"href":"https:\/\/www.fiscalia.gov.co\/colombia\/en\/wp-json\/wp\/v2\/posts\/43729\/revisions"}],"predecessor-version":[{"id":43731,"href":"https:\/\/www.fiscalia.gov.co\/colombia\/en\/wp-json\/wp\/v2\/posts\/43729\/revisions\/43731"}],"wp:attachment":[{"href":"https:\/\/www.fiscalia.gov.co\/colombia\/en\/wp-json\/wp\/v2\/media?parent=43729"}],"wp:term":[{"taxonomy":"category","embeddable":true,"href":"https:\/\/www.fiscalia.gov.co\/colombia\/en\/wp-json\/wp\/v2\/categories?post=43729"},{"taxonomy":"post_tag","embeddable":true,"href":"https:\/\/www.fiscalia.gov.co\/colombia\/en\/wp-json\/wp\/v2\/tags?post=43729"}],"curies":[{"name":"wp","href":"https:\/\/api.w.org\/{rel}","templated":true}]}}