{"id":43702,"date":"2025-02-18T17:59:03","date_gmt":"2025-02-18T22:59:03","guid":{"rendered":"https:\/\/www.fiscalia.gov.co\/colombia\/en\/?p=43702"},"modified":"2025-02-19T16:05:21","modified_gmt":"2025-02-19T21:05:21","slug":"people-allegedly-responsible-for-an-armed-attack-in-which-three-people-died-in-jamundi-valle-del-cauca-were-sent-to-prison","status":"publish","type":"post","link":"https:\/\/www.fiscalia.gov.co\/colombia\/en\/2025\/02\/18\/people-allegedly-responsible-for-an-armed-attack-in-which-three-people-died-in-jamundi-valle-del-cauca-were-sent-to-prison\/","title":{"rendered":"People allegedly responsible for an armed attack in which three people died in Jamund\u00ed, Valle del Cauca, were sent to prison"},"content":{"rendered":"<h4><em><strong>They were charged with aggravated homicide, attempted aggravated homicide; and manufacturing, trafficking, possession of firearms, accessories, parts or ammunition.<\/strong><\/em><\/h4>\n<p><span style=\"font-weight: 400;\">In light of the <strong>evidence provided by the Attorney General&#8217;s Office<\/strong>, a judge imposed a prison sentence on Leonidas Ilario Burbano Tonquino, Jeanklin Jos\u00e9 Zurita Cort\u00e9s and Frandi Jos\u00e9 Mart\u00ednez \u00c1vila since they are the alleged responsible for the armed attack in which three people died and six more were injured on February 16, in<strong> Jamund\u00ed (Valle del Cauca).<\/strong><\/span><\/p>\n<p><span style=\"font-weight: 400;\">These men allegedly arrived in a private vehicle to a commercial establishment in the Bonanza neighborhood and shot at the occupants. Later, they fled to Villa Rica (Cauca), where they were arrested by the<strong> National Police.<\/strong><\/span><\/p>\n<p><span style=\"font-weight: 400;\">In the procedure, a firearm, 2 magazines, 11 cartridges, a case, 3 cell phones and a vehicle were seized from them.<\/span><\/p>\n<p><span style=\"font-weight: 400;\">The detainees, two of them from Venezuela, were brought before hearings. A prosecutor appointed to the <strong>branch office in Cali (Seccional Cali)<\/strong> charged them with aggravated homicide, attempted aggravated homicide; and manufacturing, trafficking, possession of firearms, accessories, parts or ammunition.<\/span><\/p>\n<p><span style=\"font-weight: 400;\">The defendants did not plead guilty to the charges.<\/span><\/p>\n<p><i><span style=\"font-weight: 400;\">The information contained in this press release corresponds to the narration of the objective news provided by the officials in charge of carrying out criminal investigations within the Office of the Attorney General. By the time this communication is disclosed, the legal status of the people mentioned is still pending to be resolved by the competent judicial authority, always under the presumption of innocence contemplated by Article 29 of the Political Constitution and Article 7 of Law 906 of 2004.<\/span><\/i><\/p>\n","protected":false},"excerpt":{"rendered":"<p>They were charged with aggravated homicide, attempted aggravated homicide; and manufacturing, trafficking, possession of firearms, accessories, parts or ammunition. In light of the evidence provided by the Attorney General&#8217;s Office, a judge imposed a prison sentence on Leonidas Ilario Burbano Tonquino, Jeanklin Jos\u00e9 Zurita Cort\u00e9s and Frandi Jos\u00e9 Mart\u00ednez \u00c1vila since they are the alleged [&hellip;]<\/p>\n","protected":false},"author":8,"featured_media":0,"comment_status":"open","ping_status":"open","sticky":false,"template":"","format":"standard","meta":{"footnotes":""},"categories":[1],"tags":[],"class_list":{"0":"post-43702","1":"post","2":"type-post","3":"status-publish","4":"format-standard","6":"category-news"},"_links":{"self":[{"href":"https:\/\/www.fiscalia.gov.co\/colombia\/en\/wp-json\/wp\/v2\/posts\/43702"}],"collection":[{"href":"https:\/\/www.fiscalia.gov.co\/colombia\/en\/wp-json\/wp\/v2\/posts"}],"about":[{"href":"https:\/\/www.fiscalia.gov.co\/colombia\/en\/wp-json\/wp\/v2\/types\/post"}],"author":[{"embeddable":true,"href":"https:\/\/www.fiscalia.gov.co\/colombia\/en\/wp-json\/wp\/v2\/users\/8"}],"replies":[{"embeddable":true,"href":"https:\/\/www.fiscalia.gov.co\/colombia\/en\/wp-json\/wp\/v2\/comments?post=43702"}],"version-history":[{"count":2,"href":"https:\/\/www.fiscalia.gov.co\/colombia\/en\/wp-json\/wp\/v2\/posts\/43702\/revisions"}],"predecessor-version":[{"id":43704,"href":"https:\/\/www.fiscalia.gov.co\/colombia\/en\/wp-json\/wp\/v2\/posts\/43702\/revisions\/43704"}],"wp:attachment":[{"href":"https:\/\/www.fiscalia.gov.co\/colombia\/en\/wp-json\/wp\/v2\/media?parent=43702"}],"wp:term":[{"taxonomy":"category","embeddable":true,"href":"https:\/\/www.fiscalia.gov.co\/colombia\/en\/wp-json\/wp\/v2\/categories?post=43702"},{"taxonomy":"post_tag","embeddable":true,"href":"https:\/\/www.fiscalia.gov.co\/colombia\/en\/wp-json\/wp\/v2\/tags?post=43702"}],"curies":[{"name":"wp","href":"https:\/\/api.w.org\/{rel}","templated":true}]}}