{"id":43516,"date":"2025-01-20T11:44:37","date_gmt":"2025-01-20T16:44:37","guid":{"rendered":"https:\/\/www.fiscalia.gov.co\/colombia\/en\/?p=43516"},"modified":"2025-01-24T11:04:23","modified_gmt":"2025-01-24T16:04:23","slug":"the-office-of-the-attorney-general-brought-a-man-to-justice-due-to-alleged-petty-drug-dealing-activities-in-valle-del-cauca","status":"publish","type":"post","link":"https:\/\/www.fiscalia.gov.co\/colombia\/en\/2025\/01\/20\/the-office-of-the-attorney-general-brought-a-man-to-justice-due-to-alleged-petty-drug-dealing-activities-in-valle-del-cauca\/","title":{"rendered":"The Office of the Attorney General brought a man to justice due to alleged petty drug dealing activities in Valle del Cauca"},"content":{"rendered":"<p><span style=\"font-weight: 400;\"><strong>Juan Gildardo Ch\u00e1vez Quintero, allegedly involved in the illicit trade of narcotics in the municipality of Calima &#8211; Dari\u00e9n (Valle del Cauca)<\/strong>, was sent to prison.<\/span><\/p>\n<p><span style=\"font-weight: 400;\"><strong>The defendant was arrested by Sij\u00edn of the National Police on January 16 in a house located at La Ciudadela neighborhood<\/strong>, during a home search. There, 19.8 grams of bazuco, 8.3 grams of cocaine and 200 grams of marijuana were seized, as well as plastic bags, a blender and a scale.<\/span><\/p>\n<p><span style=\"font-weight: 400;\">For these events, <strong>the Office of the Attorney General charged the defendant with trafficking, manufacturing or possession of narcotics.<\/strong> For his part, the judge ordered house arrest for the defendant, since he is a person with reduced mobility who uses a wheelchair.<\/span><\/p>\n<p><i><span style=\"font-weight: 400;\">The information contained in this press release corresponds to the narration of the objective news provided by the officials in charge of carrying out criminal investigations within the Office of the Attorney General. By the time this communication is disclosed, the legal status of the people mentioned is still pending to be resolved by the competent judicial authority, always under the presumption of innocence contemplated by Article 29 of the Political Constitution and Article 7 of Law 906 of 2004.<\/span><\/i><\/p>\n<p>&nbsp;<\/p>\n","protected":false},"excerpt":{"rendered":"<p>Juan Gildardo Ch\u00e1vez Quintero, allegedly involved in the illicit trade of narcotics in the municipality of Calima &#8211; Dari\u00e9n (Valle del Cauca), was sent to prison. The defendant was arrested by Sij\u00edn of the National Police on January 16 in a house located at La Ciudadela neighborhood, during a home search. There, 19.8 grams of [&hellip;]<\/p>\n","protected":false},"author":8,"featured_media":0,"comment_status":"open","ping_status":"open","sticky":false,"template":"","format":"standard","meta":{"footnotes":""},"categories":[1],"tags":[],"class_list":{"0":"post-43516","1":"post","2":"type-post","3":"status-publish","4":"format-standard","6":"category-news"},"_links":{"self":[{"href":"https:\/\/www.fiscalia.gov.co\/colombia\/en\/wp-json\/wp\/v2\/posts\/43516"}],"collection":[{"href":"https:\/\/www.fiscalia.gov.co\/colombia\/en\/wp-json\/wp\/v2\/posts"}],"about":[{"href":"https:\/\/www.fiscalia.gov.co\/colombia\/en\/wp-json\/wp\/v2\/types\/post"}],"author":[{"embeddable":true,"href":"https:\/\/www.fiscalia.gov.co\/colombia\/en\/wp-json\/wp\/v2\/users\/8"}],"replies":[{"embeddable":true,"href":"https:\/\/www.fiscalia.gov.co\/colombia\/en\/wp-json\/wp\/v2\/comments?post=43516"}],"version-history":[{"count":1,"href":"https:\/\/www.fiscalia.gov.co\/colombia\/en\/wp-json\/wp\/v2\/posts\/43516\/revisions"}],"predecessor-version":[{"id":43517,"href":"https:\/\/www.fiscalia.gov.co\/colombia\/en\/wp-json\/wp\/v2\/posts\/43516\/revisions\/43517"}],"wp:attachment":[{"href":"https:\/\/www.fiscalia.gov.co\/colombia\/en\/wp-json\/wp\/v2\/media?parent=43516"}],"wp:term":[{"taxonomy":"category","embeddable":true,"href":"https:\/\/www.fiscalia.gov.co\/colombia\/en\/wp-json\/wp\/v2\/categories?post=43516"},{"taxonomy":"post_tag","embeddable":true,"href":"https:\/\/www.fiscalia.gov.co\/colombia\/en\/wp-json\/wp\/v2\/tags?post=43516"}],"curies":[{"name":"wp","href":"https:\/\/api.w.org\/{rel}","templated":true}]}}