{"id":43407,"date":"2024-12-09T16:12:15","date_gmt":"2024-12-09T21:12:15","guid":{"rendered":"https:\/\/www.fiscalia.gov.co\/colombia\/en\/?p=43407"},"modified":"2024-12-10T10:15:09","modified_gmt":"2024-12-10T15:15:09","slug":"three-people-who-would-be-involved-in-extortion-cases-in-meta-were-prosecuted","status":"publish","type":"post","link":"https:\/\/www.fiscalia.gov.co\/colombia\/en\/2024\/12\/09\/three-people-who-would-be-involved-in-extortion-cases-in-meta-were-prosecuted\/","title":{"rendered":"Three people who would be involved in extortion cases in Meta were prosecuted"},"content":{"rendered":"<p><span style=\"font-weight: 400;\">The investigation led by the Attorney General&#8217;s Office, allowed the prosecution of three people who would be involved in extortions that occurred in different incidents, in Villavicencio and municipalities in the south area of Meta<\/span><\/p>\n<p><span style=\"font-weight: 400;\">The people involved are: Carlos Andr\u00e9s Arenas Varela, Juan Carlos R\u00edos Garz\u00f3n and Johan Sebasti\u00e1n Canch\u00f3n Fajardo. Prosecutors of Gaula charged them, according to their individual responsibilities, with extortion, attempted extortion and qualified theft, all aggravated.<\/span><\/p>\n<p><span style=\"font-weight: 400;\">They did not plead guilty to the charges, and prison sentences were pronounced by judges.<\/span><\/p>\n<p><span style=\"font-weight: 400;\">Arenas Varela was arrested in a public street in the south area of Villavicencio (Meta), when he received 200,000 pesos from a 15-year-old girl which were the product of extortion.<\/span><\/p>\n<p><span style=\"font-weight: 400;\">For his part, R\u00edos Garz\u00f3n, apparently, asked farmers and ranchers from Fuentedeoro, San Juan de Arama and Granada (Meta) for money. The man claimed to be a member of the FARC dissidents to intimidate the victims.<\/span><\/p>\n<p><span style=\"font-weight: 400;\">The payments, allegedly, ranged between 3 and 30 million COP, in exchange for not being considered a military target.<\/span><\/p>\n<p><span style=\"font-weight: 400;\">Finally, Canch\u00f3n Fajardo was arrested in flagrante delicto in the rural area of \u200b\u200bPuerto Lleras (Meta), where he was allegedly asking the owners of farms in the rural areas of Uni\u00f3n and Caribe in that municipality for money since November of this year. These men were arrested by officers of the Technical Investigative Corps (CTI) and Gaula of the National Army, in Villavicencio, Granada and Puerto Lleras (Meta).<\/span><\/p>\n<p><em><span style=\"font-weight: 400;\">The information contained in this press release corresponds to the narration of the objective news provided by the officials in charge of carrying out criminal investigations within the Office of the Attorney General. By the time this communication is disclosed, the legal status of the people mentioned is still pending to be resolved by the competent judicial authority, always under the presumption of innocence contemplated by Article 29 of the Political Constitution and Article 7 of Law 906 of 2004.<\/span><\/em><\/p>\n","protected":false},"excerpt":{"rendered":"<p>The investigation led by the Attorney General&#8217;s Office, allowed the prosecution of three people who would be involved in extortions that occurred in different incidents, in Villavicencio and municipalities in the south area of Meta The people involved are: Carlos Andr\u00e9s Arenas Varela, Juan Carlos R\u00edos Garz\u00f3n and Johan Sebasti\u00e1n Canch\u00f3n Fajardo. Prosecutors of Gaula [&hellip;]<\/p>\n","protected":false},"author":8,"featured_media":0,"comment_status":"open","ping_status":"open","sticky":false,"template":"","format":"standard","meta":{"footnotes":""},"categories":[1],"tags":[],"class_list":{"0":"post-43407","1":"post","2":"type-post","3":"status-publish","4":"format-standard","6":"category-news"},"_links":{"self":[{"href":"https:\/\/www.fiscalia.gov.co\/colombia\/en\/wp-json\/wp\/v2\/posts\/43407"}],"collection":[{"href":"https:\/\/www.fiscalia.gov.co\/colombia\/en\/wp-json\/wp\/v2\/posts"}],"about":[{"href":"https:\/\/www.fiscalia.gov.co\/colombia\/en\/wp-json\/wp\/v2\/types\/post"}],"author":[{"embeddable":true,"href":"https:\/\/www.fiscalia.gov.co\/colombia\/en\/wp-json\/wp\/v2\/users\/8"}],"replies":[{"embeddable":true,"href":"https:\/\/www.fiscalia.gov.co\/colombia\/en\/wp-json\/wp\/v2\/comments?post=43407"}],"version-history":[{"count":1,"href":"https:\/\/www.fiscalia.gov.co\/colombia\/en\/wp-json\/wp\/v2\/posts\/43407\/revisions"}],"predecessor-version":[{"id":43408,"href":"https:\/\/www.fiscalia.gov.co\/colombia\/en\/wp-json\/wp\/v2\/posts\/43407\/revisions\/43408"}],"wp:attachment":[{"href":"https:\/\/www.fiscalia.gov.co\/colombia\/en\/wp-json\/wp\/v2\/media?parent=43407"}],"wp:term":[{"taxonomy":"category","embeddable":true,"href":"https:\/\/www.fiscalia.gov.co\/colombia\/en\/wp-json\/wp\/v2\/categories?post=43407"},{"taxonomy":"post_tag","embeddable":true,"href":"https:\/\/www.fiscalia.gov.co\/colombia\/en\/wp-json\/wp\/v2\/tags?post=43407"}],"curies":[{"name":"wp","href":"https:\/\/api.w.org\/{rel}","templated":true}]}}