{"id":43038,"date":"2024-10-11T14:11:14","date_gmt":"2024-10-11T19:11:14","guid":{"rendered":"https:\/\/www.fiscalia.gov.co\/colombia\/en\/?p=43038"},"modified":"2024-10-11T15:03:22","modified_gmt":"2024-10-11T20:03:22","slug":"alleged-members-of-the-so-called-segunda-marquetalia-who-would-be-intimidating-residents-of-puerto-gaitan-meta-were-sent-to-prison","status":"publish","type":"post","link":"https:\/\/www.fiscalia.gov.co\/colombia\/en\/2024\/10\/11\/alleged-members-of-the-so-called-segunda-marquetalia-who-would-be-intimidating-residents-of-puerto-gaitan-meta-were-sent-to-prison\/","title":{"rendered":"Alleged members of the so-called &#8216;Segunda Marquetalia&#8217; who would be intimidating residents of Puerto Gait\u00e1n (Meta) were sent to prison"},"content":{"rendered":"<p><span style=\"font-weight: 400;\">At the request of the Attorney General&#8217;s Office, a judge imposed a prison sentence on Brikman Orlando P\u00e9rez C\u00e1rdenas and \u00d3scar Alejandro Rodr\u00edguez Cantor, accused of intimidating the residents of the rural area of Cristalina, jurisdiction of the municipality of Puerto Gait\u00e1n (Meta).<\/span><\/p>\n<p><span style=\"font-weight: 400;\">The Attorney General&#8217;s Office charged both men, who were arrested in flagrante delicto, with manufacturing, trafficking and possession of weapons, ammunition for restricted use, for the exclusive use of the armed forces or explosives. The defendants pleaded guilty to this charge.<\/span><\/p>\n<p><span style=\"font-weight: 400;\">According to information received by the National Army, members of the criminal organization \u2018Segunda Marquetalia\u2019 were in the rural area of this municipality. The defendants were arrested on October 5 at a military checkpoint. A rifle, a pistol with its respective ammunition, two high-cylinder motorcycles and 20 million COP in cash were seized from them during their arrest.<\/span><\/p>\n<p><i><span style=\"font-weight: 400;\">\u00a0The information contained in this press release corresponds to the narration of the objective news provided by the officials in charge of carrying out criminal investigations within the Office of the Attorney General. By the time this communication is disclosed, the legal status of the people mentioned is still pending to be resolved by the competent judicial authority, always under the presumption of innocence contemplated by Article 29 of the Political Constitution and Article 7 of Law 906 of 2004.<\/span><\/i><\/p>\n","protected":false},"excerpt":{"rendered":"<p>At the request of the Attorney General&#8217;s Office, a judge imposed a prison sentence on Brikman Orlando P\u00e9rez C\u00e1rdenas and \u00d3scar Alejandro Rodr\u00edguez Cantor, accused of intimidating the residents of the rural area of Cristalina, jurisdiction of the municipality of Puerto Gait\u00e1n (Meta). The Attorney General&#8217;s Office charged both men, who were arrested in flagrante [&hellip;]<\/p>\n","protected":false},"author":8,"featured_media":0,"comment_status":"open","ping_status":"open","sticky":false,"template":"","format":"standard","meta":{"footnotes":""},"categories":[1],"tags":[],"class_list":{"0":"post-43038","1":"post","2":"type-post","3":"status-publish","4":"format-standard","6":"category-news"},"_links":{"self":[{"href":"https:\/\/www.fiscalia.gov.co\/colombia\/en\/wp-json\/wp\/v2\/posts\/43038"}],"collection":[{"href":"https:\/\/www.fiscalia.gov.co\/colombia\/en\/wp-json\/wp\/v2\/posts"}],"about":[{"href":"https:\/\/www.fiscalia.gov.co\/colombia\/en\/wp-json\/wp\/v2\/types\/post"}],"author":[{"embeddable":true,"href":"https:\/\/www.fiscalia.gov.co\/colombia\/en\/wp-json\/wp\/v2\/users\/8"}],"replies":[{"embeddable":true,"href":"https:\/\/www.fiscalia.gov.co\/colombia\/en\/wp-json\/wp\/v2\/comments?post=43038"}],"version-history":[{"count":2,"href":"https:\/\/www.fiscalia.gov.co\/colombia\/en\/wp-json\/wp\/v2\/posts\/43038\/revisions"}],"predecessor-version":[{"id":43040,"href":"https:\/\/www.fiscalia.gov.co\/colombia\/en\/wp-json\/wp\/v2\/posts\/43038\/revisions\/43040"}],"wp:attachment":[{"href":"https:\/\/www.fiscalia.gov.co\/colombia\/en\/wp-json\/wp\/v2\/media?parent=43038"}],"wp:term":[{"taxonomy":"category","embeddable":true,"href":"https:\/\/www.fiscalia.gov.co\/colombia\/en\/wp-json\/wp\/v2\/categories?post=43038"},{"taxonomy":"post_tag","embeddable":true,"href":"https:\/\/www.fiscalia.gov.co\/colombia\/en\/wp-json\/wp\/v2\/tags?post=43038"}],"curies":[{"name":"wp","href":"https:\/\/api.w.org\/{rel}","templated":true}]}}