{"id":43017,"date":"2024-10-06T08:10:47","date_gmt":"2024-10-06T13:10:47","guid":{"rendered":"https:\/\/www.fiscalia.gov.co\/colombia\/en\/?p=43017"},"modified":"2024-10-07T09:40:49","modified_gmt":"2024-10-07T14:40:49","slug":"four-alleged-members-of-the-clan-del-golfo-who-were-allegedly-involved-in-the-murder-of-a-social-leader-in-the-southern-area-of-bolivar-were-prosecuted","status":"publish","type":"post","link":"https:\/\/www.fiscalia.gov.co\/colombia\/en\/2024\/10\/06\/four-alleged-members-of-the-clan-del-golfo-who-were-allegedly-involved-in-the-murder-of-a-social-leader-in-the-southern-area-of-bolivar-were-prosecuted\/","title":{"rendered":"Four alleged members of the &#8216;Clan del Golfo&#8217; who were allegedly involved in the murder of a social leader in the southern area of Bol\u00edvar were prosecuted"},"content":{"rendered":"<p><span style=\"font-weight: 400;\">One of the defendants admitted his participation in the homicide.<\/span><\/p>\n<p><span style=\"font-weight: 400;\">The Attorney General&#8217;s Office obtained evidence that shows the alleged participation of four alleged members of the Ar\u00edstides Manuel Meza P\u00e1ez structure of the so-called &#8216;Clan del Golfo&#8217;, in the murder of the social leader Narciso Bele\u00f1o Belaides, recorded on April 21, in Santa Rosa (Bol\u00edvar).<\/span><\/p>\n<p><span style=\"font-weight: 400;\">the people involved are Nicol\u00e1s Giraldo Quintero, alias Cartago; Juan Carlos Casta\u00f1o Cardona, alias Calvo or Paisa; Nelson Fernando Guti\u00e9rrez Arismendi, alias Malito or Mat\u00f3n; and Yenifer Barrag\u00e1n Correa.<\/span><\/p>\n<p><span style=\"font-weight: 400;\">A prosecutor of the Special Investigation Unit (Unidad Especial de Investigaci\u00f3n UEI)<\/span><span style=\"font-weight: 400;\">\u00a0charged these people with aggravated homicide; manufacture, trafficking, possession of firearms, accessories, parts or ammunition; and conspiracy to commit a crime. Alias \u200b\u200bMalito or Mat\u00f3n pleaded guilty to the charges.<\/span><\/p>\n<p><span style=\"font-weight: 400;\">According to the investigation, the victim entered his house&#8217;s parking and was attacked by armed men who shot him seven times. Previously, the social leader had received several threatening pamphlets in the name of the so-called &#8216;Clan del Golfo&#8217;, in which they questioned him for the work he performed as president of the so-called Federaci\u00f3n Agrominera del Sur de Bol\u00edvar (Agromisbol).<\/span><\/p>\n<p><span style=\"font-weight: 400;\">The Attorney General&#8217;s Office moves forward in the development of a hearing for requesting a preventive detention measure against the four defendants.<\/span><\/p>\n<p><span style=\"font-weight: 400;\">\u00a0<\/span><i><span style=\"font-weight: 400;\">The information contained in this press release corresponds to the narration of the objective news provided by the officials in charge of carrying out criminal investigations within the Office of the Attorney General. By the time this communication is disclosed, the legal status of the people mentioned is still pending to be resolved by the competent judicial authority, always under the presumption of innocence contemplated by Article 29 of the Political Constitution and Article 7 of Law 906 of 2004.<\/span><\/i><\/p>\n","protected":false},"excerpt":{"rendered":"<p>One of the defendants admitted his participation in the homicide. The Attorney General&#8217;s Office obtained evidence that shows the alleged participation of four alleged members of the Ar\u00edstides Manuel Meza P\u00e1ez structure of the so-called &#8216;Clan del Golfo&#8217;, in the murder of the social leader Narciso Bele\u00f1o Belaides, recorded on April 21, in Santa Rosa [&hellip;]<\/p>\n","protected":false},"author":8,"featured_media":0,"comment_status":"open","ping_status":"open","sticky":false,"template":"","format":"standard","meta":{"footnotes":""},"categories":[1],"tags":[],"class_list":{"0":"post-43017","1":"post","2":"type-post","3":"status-publish","4":"format-standard","6":"category-news"},"_links":{"self":[{"href":"https:\/\/www.fiscalia.gov.co\/colombia\/en\/wp-json\/wp\/v2\/posts\/43017"}],"collection":[{"href":"https:\/\/www.fiscalia.gov.co\/colombia\/en\/wp-json\/wp\/v2\/posts"}],"about":[{"href":"https:\/\/www.fiscalia.gov.co\/colombia\/en\/wp-json\/wp\/v2\/types\/post"}],"author":[{"embeddable":true,"href":"https:\/\/www.fiscalia.gov.co\/colombia\/en\/wp-json\/wp\/v2\/users\/8"}],"replies":[{"embeddable":true,"href":"https:\/\/www.fiscalia.gov.co\/colombia\/en\/wp-json\/wp\/v2\/comments?post=43017"}],"version-history":[{"count":1,"href":"https:\/\/www.fiscalia.gov.co\/colombia\/en\/wp-json\/wp\/v2\/posts\/43017\/revisions"}],"predecessor-version":[{"id":43018,"href":"https:\/\/www.fiscalia.gov.co\/colombia\/en\/wp-json\/wp\/v2\/posts\/43017\/revisions\/43018"}],"wp:attachment":[{"href":"https:\/\/www.fiscalia.gov.co\/colombia\/en\/wp-json\/wp\/v2\/media?parent=43017"}],"wp:term":[{"taxonomy":"category","embeddable":true,"href":"https:\/\/www.fiscalia.gov.co\/colombia\/en\/wp-json\/wp\/v2\/categories?post=43017"},{"taxonomy":"post_tag","embeddable":true,"href":"https:\/\/www.fiscalia.gov.co\/colombia\/en\/wp-json\/wp\/v2\/tags?post=43017"}],"curies":[{"name":"wp","href":"https:\/\/api.w.org\/{rel}","templated":true}]}}