{"id":42320,"date":"2024-06-24T11:26:04","date_gmt":"2024-06-24T16:26:04","guid":{"rendered":"https:\/\/www.fiscalia.gov.co\/colombia\/en\/?p=42320"},"modified":"2024-06-25T16:30:19","modified_gmt":"2024-06-25T21:30:19","slug":"six-alleged-extortionists-from-clan-del-golfo-were-prosecuted-in-cordoba","status":"publish","type":"post","link":"https:\/\/www.fiscalia.gov.co\/colombia\/en\/2024\/06\/24\/six-alleged-extortionists-from-clan-del-golfo-were-prosecuted-in-cordoba\/","title":{"rendered":"Six alleged extortionists from &#8216;Clan del Golfo\u2019 were prosecuted in C\u00f3rdoba"},"content":{"rendered":"<p><em>The defendants would be those who demanded the money from cattle breeders, rice growers, contractors of public works and the transportation sector, among others.<\/em><\/p>\n<p>At the request of the Office of the Attorney General, a judge imposed a prison sentence \u00a0on six alleged extortionists who would be part of Javier Yepes Cantero substructure of &#8216;Clan del Golfo&#8217;.<\/p>\n<p>The decision is related to Andrea Sarain P\u00e9rez Ortega, alias Kataleya; Usiel Abisai Jaimes Morales, alias V\u00edctor or Carlos; Cristian Antonio Guerra Vega, alias Negro or Cristian; Jefri Enrique Otero Bula, alias Bula and John Hern\u00e1n Oquendo Soto who were charged with criminal conspiracy with aggravated extortion purposes.<\/p>\n<p>The facts under investigation took place since November 2019 where the suspects allegedly demanded money from cattle breeders, rice growers, companies contracting public works, the transportation sector and even from citizens who were involved in street fights. In addition, they would be involved in the incineration of a vehicle belonging to a contracting company in January of the current year.<\/p>\n<p>These actions were carried out in Sahag\u00fan, Chin\u00fa, San Andr\u00e9s de Sotavento, Tuch\u00edn and Chim\u00e1 in C\u00f3rdoba.<\/p>\n<p>The arrests were carried out by National Police on May 25 in Sahag\u00fan, San Antero, Punta Y\u00e1\u00f1ez and Ci\u00e9naga de Oro (C\u00f3rdoba) during home searches.<\/p>\n<p>In the operations, cell phones and documents about intelligence and financial activities of criminal organizations were also seized.<\/p>\n<p>On the other hand, Leonis Miguel Tordecilla Cogollo, alias Ronaldo or Leo, was arrested on June 7th in Tierralta (C\u00f3rdoba) for his alleged participation in the criminal organization as collector of extortions and observer.<\/p>\n<p>Alias Ronaldo or Leo had an arrest warrant for aggravated criminal conspiracy for extortion purposes and would be responsible for the extortions carried out against a renowned company of sodas in Tierralta (C\u00f3rdoba), on November 27 of the previous year. A judge sent him to prison.<\/p>\n<p><em>The information contained in this press release corresponds to the narration of the objective news provided by the officials in charge of carrying out criminal investigations within the Office of the Attorney General. By the time this communication is disclosed, the legal status of the people mentioned is still pending to be resolved by the competent judicial authority, always under the presumption of innocence contemplated by Article 29 of the Political Constitution and Article 7 of Law 906 of 2004.<\/em><\/p>\n","protected":false},"excerpt":{"rendered":"<p>The defendants would be those who demanded the money from cattle breeders, rice growers, contractors of public works and the transportation sector, among others. At the request of the Office of the Attorney General, a judge imposed a prison sentence \u00a0on six alleged extortionists who would be part of Javier Yepes Cantero substructure of &#8216;Clan [&hellip;]<\/p>\n","protected":false},"author":8,"featured_media":0,"comment_status":"open","ping_status":"open","sticky":false,"template":"","format":"standard","meta":{"footnotes":""},"categories":[1],"tags":[],"class_list":{"0":"post-42320","1":"post","2":"type-post","3":"status-publish","4":"format-standard","6":"category-news"},"_links":{"self":[{"href":"https:\/\/www.fiscalia.gov.co\/colombia\/en\/wp-json\/wp\/v2\/posts\/42320"}],"collection":[{"href":"https:\/\/www.fiscalia.gov.co\/colombia\/en\/wp-json\/wp\/v2\/posts"}],"about":[{"href":"https:\/\/www.fiscalia.gov.co\/colombia\/en\/wp-json\/wp\/v2\/types\/post"}],"author":[{"embeddable":true,"href":"https:\/\/www.fiscalia.gov.co\/colombia\/en\/wp-json\/wp\/v2\/users\/8"}],"replies":[{"embeddable":true,"href":"https:\/\/www.fiscalia.gov.co\/colombia\/en\/wp-json\/wp\/v2\/comments?post=42320"}],"version-history":[{"count":1,"href":"https:\/\/www.fiscalia.gov.co\/colombia\/en\/wp-json\/wp\/v2\/posts\/42320\/revisions"}],"predecessor-version":[{"id":42321,"href":"https:\/\/www.fiscalia.gov.co\/colombia\/en\/wp-json\/wp\/v2\/posts\/42320\/revisions\/42321"}],"wp:attachment":[{"href":"https:\/\/www.fiscalia.gov.co\/colombia\/en\/wp-json\/wp\/v2\/media?parent=42320"}],"wp:term":[{"taxonomy":"category","embeddable":true,"href":"https:\/\/www.fiscalia.gov.co\/colombia\/en\/wp-json\/wp\/v2\/categories?post=42320"},{"taxonomy":"post_tag","embeddable":true,"href":"https:\/\/www.fiscalia.gov.co\/colombia\/en\/wp-json\/wp\/v2\/tags?post=42320"}],"curies":[{"name":"wp","href":"https:\/\/api.w.org\/{rel}","templated":true}]}}