{"id":42227,"date":"2024-06-11T15:10:13","date_gmt":"2024-06-11T20:10:13","guid":{"rendered":"https:\/\/www.fiscalia.gov.co\/colombia\/en\/?p=42227"},"modified":"2024-06-12T11:18:32","modified_gmt":"2024-06-12T16:18:32","slug":"two-people-investigated-for-homicide-criminal-conspiracy-and-extortion-in-casanare-meta-and-cundinamarca-were-sent-to-prison","status":"publish","type":"post","link":"https:\/\/www.fiscalia.gov.co\/colombia\/en\/2024\/06\/11\/two-people-investigated-for-homicide-criminal-conspiracy-and-extortion-in-casanare-meta-and-cundinamarca-were-sent-to-prison\/","title":{"rendered":"Two people investigated for homicide, criminal conspiracy and extortion in Casanare, Meta and Cundinamarca were sent to prison"},"content":{"rendered":"<p>At the request of a prosecutor from the Sectional Office in Casanare, a judge imposed a prison sentence against D\u00e1vinson Fl\u00f3rez Cuello, alias chato, and Yaifa Tatiana Ram\u00edrez Vieda, alias La huilense, who were allegedly involved in the commission of several homicides and other crimes in three departments.<\/p>\n<p>The facts took place between July and August 2023, a period in which three men were murdered in Yopal (Casanare).<\/p>\n<p>However, alias Chato would be related to other homicides in Casanare, Meta and Cundinamarca, as well as extortion and control of routes for drug trafficking, acting on behalf of the Clan del Golfo.<\/p>\n<p>The arrest of Fl\u00f3rez Cuello and Ram\u00edrez Vieda took place on June 8 in the El Porvenir neighborhood of Villavicencio (Meta), after being monitored by investigators from Police and the Prosecutor&#8217;s Office.<\/p>\n<p>The Prosecutor&#8217;s Office charged them with aggravated homicide, aggravated extortion and illegal possession of weapons. They did not plead guilty to the charges<\/p>\n<p><em>The Office of the Attorney General makes this information public for reasons of general interest.<\/em><\/p>\n<p><em>The information contained in this press release corresponds to the narration of the objective news provided by the officials in charge of carrying out criminal investigations within the Office of the Attorney General. By the time this communication is disclosed, the legal status of the people mentioned is still pending to be resolved by the competent judicial authority, always under the presumption of innocence contemplated by Article 29 of the Political Constitution and Article 7 of Law 906 of 2004.<\/em><\/p>\n","protected":false},"excerpt":{"rendered":"<p>At the request of a prosecutor from the Sectional Office in Casanare, a judge imposed a prison sentence against D\u00e1vinson Fl\u00f3rez Cuello, alias chato, and Yaifa Tatiana Ram\u00edrez Vieda, alias La huilense, who were allegedly involved in the commission of several homicides and other crimes in three departments. The facts took place between July and [&hellip;]<\/p>\n","protected":false},"author":8,"featured_media":0,"comment_status":"open","ping_status":"open","sticky":false,"template":"","format":"standard","meta":{"footnotes":""},"categories":[1],"tags":[],"class_list":{"0":"post-42227","1":"post","2":"type-post","3":"status-publish","4":"format-standard","6":"category-news"},"_links":{"self":[{"href":"https:\/\/www.fiscalia.gov.co\/colombia\/en\/wp-json\/wp\/v2\/posts\/42227"}],"collection":[{"href":"https:\/\/www.fiscalia.gov.co\/colombia\/en\/wp-json\/wp\/v2\/posts"}],"about":[{"href":"https:\/\/www.fiscalia.gov.co\/colombia\/en\/wp-json\/wp\/v2\/types\/post"}],"author":[{"embeddable":true,"href":"https:\/\/www.fiscalia.gov.co\/colombia\/en\/wp-json\/wp\/v2\/users\/8"}],"replies":[{"embeddable":true,"href":"https:\/\/www.fiscalia.gov.co\/colombia\/en\/wp-json\/wp\/v2\/comments?post=42227"}],"version-history":[{"count":1,"href":"https:\/\/www.fiscalia.gov.co\/colombia\/en\/wp-json\/wp\/v2\/posts\/42227\/revisions"}],"predecessor-version":[{"id":42228,"href":"https:\/\/www.fiscalia.gov.co\/colombia\/en\/wp-json\/wp\/v2\/posts\/42227\/revisions\/42228"}],"wp:attachment":[{"href":"https:\/\/www.fiscalia.gov.co\/colombia\/en\/wp-json\/wp\/v2\/media?parent=42227"}],"wp:term":[{"taxonomy":"category","embeddable":true,"href":"https:\/\/www.fiscalia.gov.co\/colombia\/en\/wp-json\/wp\/v2\/categories?post=42227"},{"taxonomy":"post_tag","embeddable":true,"href":"https:\/\/www.fiscalia.gov.co\/colombia\/en\/wp-json\/wp\/v2\/tags?post=42227"}],"curies":[{"name":"wp","href":"https:\/\/api.w.org\/{rel}","templated":true}]}}