{"id":41856,"date":"2024-04-25T15:48:45","date_gmt":"2024-04-25T20:48:45","guid":{"rendered":"https:\/\/www.fiscalia.gov.co\/colombia\/en\/?p=41856"},"modified":"2024-04-26T10:15:50","modified_gmt":"2024-04-26T15:15:50","slug":"alleged-members-of-the-clan-del-golfo-who-were-arrested-in-flagrante-delicto-in-possession-of-firearms-were-sent-to-prison","status":"publish","type":"post","link":"https:\/\/www.fiscalia.gov.co\/colombia\/en\/2024\/04\/25\/alleged-members-of-the-clan-del-golfo-who-were-arrested-in-flagrante-delicto-in-possession-of-firearms-were-sent-to-prison\/","title":{"rendered":"Alleged members of the &#8216;Clan del Golfo&#8217; who were arrested in flagrante delicto in possession of firearms were sent to prison"},"content":{"rendered":"<p>The Prosecutor&#8217;s Office is investigating whether the two men, of foreign nationality, participated in a triple homicide that occurred last weekend in Urrao (Antioquia).<\/p>\n<p>At the request of the Attorney General&#8217;s Office, a judge imposed a detention measure in prison against foreign citizens Cristofer Jos\u00e9 Mar\u00edn Villegas, alias Duende, and Yoel \u00c1ngel Escalona Casta\u00f1eda, alias Angelito or Santiago; alleged members of the &#8216;Clan del Golfo&#8217;.<\/p>\n<p>Both were arrested in flagrante delicto during an operation carried out by the Police and the National Army in La Honda de Urrao (Antioquia), in which a 20-caliber shotgun with 9 cartridges and a fragmentation grenade were seized.<\/p>\n<p>The Prosecutor&#8217;s Office charged them with illegal manufacturing, trafficking or possession of firearms and ammunition for personal defense and for the exclusive use of the Military Forces. They did not plead guilty to the charges.<\/p>\n<p>The Prosecutor&#8217;s Office is investigating the alleged participation of Mar\u00edn Villegas and Escalona Casta\u00f1eda in the homicide of three people on the night of April 20, in a commercial establishment located in a rural area of \u200b\u200bthe aforementioned municipality in southwest area of Antioquia.<\/p>\n<p><em>The Office of the Attorney General makes this information public for reasons of general interest.<\/em><\/p>\n<p><em>The information contained in this press release corresponds to the narration of the objective news provided by the officials in charge of carrying out criminal investigations within the Office of the Attorney General. By the time this communication is disclosed, the legal status of the people mentioned is still pending to be resolved by the competent judicial authority, always under the presumption of innocence contemplated by Article 29 of the Political Constitution and Article 7 of Law 906 of 2004.<\/em><\/p>\n<p>&nbsp;<\/p>\n","protected":false},"excerpt":{"rendered":"<p>The Prosecutor&#8217;s Office is investigating whether the two men, of foreign nationality, participated in a triple homicide that occurred last weekend in Urrao (Antioquia). At the request of the Attorney General&#8217;s Office, a judge imposed a detention measure in prison against foreign citizens Cristofer Jos\u00e9 Mar\u00edn Villegas, alias Duende, and Yoel \u00c1ngel Escalona Casta\u00f1eda, alias [&hellip;]<\/p>\n","protected":false},"author":8,"featured_media":0,"comment_status":"open","ping_status":"open","sticky":false,"template":"","format":"standard","meta":{"footnotes":""},"categories":[1],"tags":[],"class_list":{"0":"post-41856","1":"post","2":"type-post","3":"status-publish","4":"format-standard","6":"category-news"},"_links":{"self":[{"href":"https:\/\/www.fiscalia.gov.co\/colombia\/en\/wp-json\/wp\/v2\/posts\/41856"}],"collection":[{"href":"https:\/\/www.fiscalia.gov.co\/colombia\/en\/wp-json\/wp\/v2\/posts"}],"about":[{"href":"https:\/\/www.fiscalia.gov.co\/colombia\/en\/wp-json\/wp\/v2\/types\/post"}],"author":[{"embeddable":true,"href":"https:\/\/www.fiscalia.gov.co\/colombia\/en\/wp-json\/wp\/v2\/users\/8"}],"replies":[{"embeddable":true,"href":"https:\/\/www.fiscalia.gov.co\/colombia\/en\/wp-json\/wp\/v2\/comments?post=41856"}],"version-history":[{"count":2,"href":"https:\/\/www.fiscalia.gov.co\/colombia\/en\/wp-json\/wp\/v2\/posts\/41856\/revisions"}],"predecessor-version":[{"id":41858,"href":"https:\/\/www.fiscalia.gov.co\/colombia\/en\/wp-json\/wp\/v2\/posts\/41856\/revisions\/41858"}],"wp:attachment":[{"href":"https:\/\/www.fiscalia.gov.co\/colombia\/en\/wp-json\/wp\/v2\/media?parent=41856"}],"wp:term":[{"taxonomy":"category","embeddable":true,"href":"https:\/\/www.fiscalia.gov.co\/colombia\/en\/wp-json\/wp\/v2\/categories?post=41856"},{"taxonomy":"post_tag","embeddable":true,"href":"https:\/\/www.fiscalia.gov.co\/colombia\/en\/wp-json\/wp\/v2\/tags?post=41856"}],"curies":[{"name":"wp","href":"https:\/\/api.w.org\/{rel}","templated":true}]}}