{"id":41852,"date":"2024-04-19T10:20:44","date_gmt":"2024-04-19T15:20:44","guid":{"rendered":"https:\/\/www.fiscalia.gov.co\/colombia\/en\/?p=41852"},"modified":"2024-04-26T09:06:12","modified_gmt":"2024-04-26T14:06:12","slug":"seven-alleged-members-of-the-criminal-wing-linked-to-the-illegal-organization-la-inmaculada-were-sent-to-prison","status":"publish","type":"post","link":"https:\/\/www.fiscalia.gov.co\/colombia\/en\/2024\/04\/19\/seven-alleged-members-of-the-criminal-wing-linked-to-the-illegal-organization-la-inmaculada-were-sent-to-prison\/","title":{"rendered":"Seven alleged members of the criminal wing linked to the illegal organization La Inmaculada were sent to prison"},"content":{"rendered":"<p><em>The defendants are investigated for their alleged participation in two homicides, an attempted homicide and extortion of the owners of stores<\/em><\/p>\n<p>The Attorney General&#8217;s Office prosecuted seven alleged members of the organized criminal group &#8216;San Pacho 2&#8217;, which committed crimes for the so-called La Inmaculada or La Oficina criminal structure that allegedly committed several crimes in Tulu\u00e1 (Valle del Cauca).<\/p>\n<p>According to the investigation led by a specialized prosecutor from the Sectional Office in Valle del Cauca, the defendants would be involved in the sale of narcotics, restraining merchants and two homicides that occurred in February and May 2023.<\/p>\n<p>The judicial police work, carried out by members of the Technical Investigative Corps (CTI) and Sij\u00edn, revealed that &#8216;San Pacho 2&#8217; would also control the petty drug dealing in that municipality.<\/p>\n<p>The illegal actions would be coordinated by leaders of the group who would be committing crimes from the prisons where they are deprived of their liberty for different crimes.<\/p>\n<p>As a result of nine home searches carried out in neighborhoods La Inmaculada, Bosques de Maracaibo and in Pe\u00f1aranda shanty town were arrested: Manuel Alejandro Castro Pi\u00f1eres, alias Oso T; Jhon Nicol\u00e1s Ram\u00edrez Echeverry, alias Nicol\u00e1s; D\u00e1vinson Javier Granados Rengifo, alias D\u00e1vinson; \u00d3scar Alirio Herrera Salazar, alias Alirio; Juli\u00e1n Andr\u00e9s Ortiz, alias Care Pu\u00f1o; H\u00e9ctor Estiven Naranjo, alias Soldier; and Jhon Jader Granados Lugo, alias Granados.<\/p>\n<p>The Attorney General&#8217;s Office established that &#8216;San Pacho 2&#8217; is a criminal structure associated with La Inmaculada criminal group.<\/p>\n<p>The defendants were charged, according to their individual responsibilities, with crimes such as: aggravated homicide, aggravated criminal conspiracy, illegal restraint and manufacturing, trafficking or possession of narcotics. They did not plead guilty to the charges.<\/p>\n<p>At the request of the Office of the Attorney General, the judge in the case imposed a detention measure in a prison facility.<\/p>\n","protected":false},"excerpt":{"rendered":"<p>The defendants are investigated for their alleged participation in two homicides, an attempted homicide and extortion of the owners of stores The Attorney General&#8217;s Office prosecuted seven alleged members of the organized criminal group &#8216;San Pacho 2&#8217;, which committed crimes for the so-called La Inmaculada or La Oficina criminal structure that allegedly committed several crimes [&hellip;]<\/p>\n","protected":false},"author":8,"featured_media":0,"comment_status":"open","ping_status":"open","sticky":false,"template":"","format":"standard","meta":{"footnotes":""},"categories":[1],"tags":[],"class_list":{"0":"post-41852","1":"post","2":"type-post","3":"status-publish","4":"format-standard","6":"category-news"},"_links":{"self":[{"href":"https:\/\/www.fiscalia.gov.co\/colombia\/en\/wp-json\/wp\/v2\/posts\/41852"}],"collection":[{"href":"https:\/\/www.fiscalia.gov.co\/colombia\/en\/wp-json\/wp\/v2\/posts"}],"about":[{"href":"https:\/\/www.fiscalia.gov.co\/colombia\/en\/wp-json\/wp\/v2\/types\/post"}],"author":[{"embeddable":true,"href":"https:\/\/www.fiscalia.gov.co\/colombia\/en\/wp-json\/wp\/v2\/users\/8"}],"replies":[{"embeddable":true,"href":"https:\/\/www.fiscalia.gov.co\/colombia\/en\/wp-json\/wp\/v2\/comments?post=41852"}],"version-history":[{"count":1,"href":"https:\/\/www.fiscalia.gov.co\/colombia\/en\/wp-json\/wp\/v2\/posts\/41852\/revisions"}],"predecessor-version":[{"id":41853,"href":"https:\/\/www.fiscalia.gov.co\/colombia\/en\/wp-json\/wp\/v2\/posts\/41852\/revisions\/41853"}],"wp:attachment":[{"href":"https:\/\/www.fiscalia.gov.co\/colombia\/en\/wp-json\/wp\/v2\/media?parent=41852"}],"wp:term":[{"taxonomy":"category","embeddable":true,"href":"https:\/\/www.fiscalia.gov.co\/colombia\/en\/wp-json\/wp\/v2\/categories?post=41852"},{"taxonomy":"post_tag","embeddable":true,"href":"https:\/\/www.fiscalia.gov.co\/colombia\/en\/wp-json\/wp\/v2\/tags?post=41852"}],"curies":[{"name":"wp","href":"https:\/\/api.w.org\/{rel}","templated":true}]}}