{"id":41205,"date":"2023-02-06T08:47:26","date_gmt":"2023-02-06T13:47:26","guid":{"rendered":"https:\/\/www.fiscalia.gov.co\/colombia\/en\/?p=41205"},"modified":"2023-02-06T08:47:26","modified_gmt":"2023-02-06T13:47:26","slug":"press-release-309","status":"publish","type":"post","link":"https:\/\/www.fiscalia.gov.co\/colombia\/en\/2023\/02\/06\/press-release-309\/","title":{"rendered":"Press Release 309"},"content":{"rendered":"<p>Considering the events that occurred on February 3, when twelve heavily armed men kidnapped and interrogated three prosecutors from the Sectional Directorate of Department of Antioquia and a public servant from the town of Taraz\u00e1\u2019s Court, while the victims were traveling in a private vehicle on the road that leads from the town of C\u00e1ceres to the city of Medell\u00edn, specifically when passing by\u00a0 the town of Valdivia (Department of Antioquia), the Office of the Attorney General of Colombia informs:<\/p>\n<ol>\n<li>As per the sworn statements of the prosecutors who were affected by this incident, it was possible to demonstrate that one of the individuals who held them hostage was Jos\u00e9 Gonzalo S\u00e1nchez S\u00e1nchez, a\/k\/a \u201cGonzalito\u201d, top leader of the <em>Clan del Golfo<\/em> in the area, who currently has a warrant for extradition purposes and is part of the 16 individuals with arrest warrants which the National Government requested to be suspended. The Office of the Attorney General of Colombia did not agree to this request given that there was no constitutional framework to proceed in that way.<\/li>\n<li>Once the aforementioned event occurred, a team of prosecutors and investigators was deployed, and was able to collect technical evidence that allowed to determine the presence of the <em>Clan del Golfo <\/em>in the area. That work led a judge to issue an arrest warrant against a\/k\/a \u201cGonzalito\u201d for the offense of aggravated kidnapping.<\/li>\n<li>Considering these events that impact the safety of the public servants of the Attorney General\u2019s Office in the town of Taraz\u00e1, it has been decided to temporarily close the headquarters of the Institution in that town and the services that were previously provided there will now be delivered from Attorney General\u2019s offices in Medell\u00edn, since there are no security conditions to safely administer justice in the town of Taraz\u00e1.<\/li>\n<li>The prosecutors stated with concern that during the kidnapping event they passed through three checkpoints of the Armed Forces and the Police, who did not carry out any preventive action to preserve security and public order in that area.<\/li>\n<li>Public servants, as well as Police and Military authorities responsible for preserving security in the area, will be requested to explain the actions carried out in response to these events and the procedures that have been conducted in order to guarantee the protection of citizens and public servants in the area.<\/li>\n<\/ol>\n<p>&nbsp;<\/p>\n<p>The role of the Attorney General\u2019s Office in the town of Taraz\u00e1 has been reinforced and has counted with the support of international cooperation. We regret that these events occurred in that town, one of the 170 towns that are part of the Development Programs with Territorial Approach (<em>Programas de Desarrollo con Enfoque Territorial<\/em>, PDET), which were prioritized for being the territories most affected by the armed conflict.<\/p>\n","protected":false},"excerpt":{"rendered":"<p>Considering the events that occurred on February 3, when twelve heavily armed men kidnapped and interrogated three prosecutors from the Sectional Directorate of Department of Antioquia and a public servant from the town of Taraz\u00e1\u2019s Court, while the victims were traveling in a private vehicle on the road that leads from the town of C\u00e1ceres [&hellip;]<\/p>\n","protected":false},"author":10,"featured_media":0,"comment_status":"open","ping_status":"open","sticky":false,"template":"","format":"standard","meta":{"footnotes":""},"categories":[10,1],"tags":[25],"class_list":{"0":"post-41205","1":"post","2":"type-post","3":"status-publish","4":"format-standard","6":"category-attorney-general","7":"category-news","8":"tag-fiscal-francisco-barbosa"},"_links":{"self":[{"href":"https:\/\/www.fiscalia.gov.co\/colombia\/en\/wp-json\/wp\/v2\/posts\/41205"}],"collection":[{"href":"https:\/\/www.fiscalia.gov.co\/colombia\/en\/wp-json\/wp\/v2\/posts"}],"about":[{"href":"https:\/\/www.fiscalia.gov.co\/colombia\/en\/wp-json\/wp\/v2\/types\/post"}],"author":[{"embeddable":true,"href":"https:\/\/www.fiscalia.gov.co\/colombia\/en\/wp-json\/wp\/v2\/users\/10"}],"replies":[{"embeddable":true,"href":"https:\/\/www.fiscalia.gov.co\/colombia\/en\/wp-json\/wp\/v2\/comments?post=41205"}],"version-history":[{"count":1,"href":"https:\/\/www.fiscalia.gov.co\/colombia\/en\/wp-json\/wp\/v2\/posts\/41205\/revisions"}],"predecessor-version":[{"id":41206,"href":"https:\/\/www.fiscalia.gov.co\/colombia\/en\/wp-json\/wp\/v2\/posts\/41205\/revisions\/41206"}],"wp:attachment":[{"href":"https:\/\/www.fiscalia.gov.co\/colombia\/en\/wp-json\/wp\/v2\/media?parent=41205"}],"wp:term":[{"taxonomy":"category","embeddable":true,"href":"https:\/\/www.fiscalia.gov.co\/colombia\/en\/wp-json\/wp\/v2\/categories?post=41205"},{"taxonomy":"post_tag","embeddable":true,"href":"https:\/\/www.fiscalia.gov.co\/colombia\/en\/wp-json\/wp\/v2\/tags?post=41205"}],"curies":[{"name":"wp","href":"https:\/\/api.w.org\/{rel}","templated":true}]}}