{"id":40919,"date":"2022-08-18T06:03:00","date_gmt":"2022-08-18T11:03:00","guid":{"rendered":"https:\/\/www.fiscalia.gov.co\/colombia\/en\/?p=40919"},"modified":"2022-08-23T17:58:17","modified_gmt":"2022-08-23T22:58:17","slug":"the-attorney-general-announced-the-creation-of-a-special-task-group-to-investigate-complaints-related-to-ocad-paz-resources","status":"publish","type":"post","link":"https:\/\/www.fiscalia.gov.co\/colombia\/en\/2022\/08\/18\/the-attorney-general-announced-the-creation-of-a-special-task-group-to-investigate-complaints-related-to-ocad-paz-resources\/","title":{"rendered":"The Attorney General announced the creation of a Special Task Group to investigate complaints related to OCAD Paz resources"},"content":{"rendered":"<p><em>The Attorney General<\/em> <em>Francisco Barbosa also announced the presentation of a bill to strengthen the staff of prosecutors, prosecutors\u2019 assistants, and investigators<\/em><\/p>\n<p>In Bucaramanga, the Attorney General, Francisco Barbosa Delgado, announced the creation of a specialized group that will lead the investigation of the management of the resources of the so- called <em>\u00d3rganos Colegiados de Administraci\u00f3n y Decisi\u00f3n OCAD Paz<\/em><\/p>\n<p>&#8220;We have also made important decisions in recent days, such as the creation of a special task force for the investigation of cases related to the use of resources of the Ocad Paz that had been denounced under the care of the Special Directorate against Corruption&#8221;, stated the Attorney General Francisco Barbosa during the XII national event &#8211; <em>Conversatorio Nacional de la Especialidad Civil y Familia <\/em>led by<em> Sala de Casaci\u00f3n Civil de la Corte Suprema de Justicia.<\/em><\/p>\n<p>In the framework of the meeting, the head of the investigative institution reiterated the importance of strengthening the judicial branch in all its instances. \u201cIn this sense, the Prosecutor&#8217;s Office must also be strengthened. We fully agree on this with the government\u00b4s program and with the new government of President Gustavo Petro on the need to move forward with a strategy of strengthening law enforcement agencies and especially the Prosecutor&#8217;s Office so that, within the framework of the principle of harmonious collaboration provided by the Constitution we can present a bill to increase the number of prosecutors, assistants, and investigators to achieve greater justice\u201d, he stated.<\/p>\n<p>The Attorney General reiterated the need to structure a better Prosecutor&#8217;s Office and warned that this can only be achieved if there are more judges and magistrates, and unrestricted support to the judicial branch, which plays an essential role in the country.<\/p>\n<p>Finally, he presented a balance of the actions that the Prosecutor&#8217;s Office has carried out in the last two years in the fight against corruption. In this regard, he pointed out that 2,269 judicial convictions and 13,868 accusations have been achieved.<\/p>\n<p>When we speak, results follow.<\/p>\n<p>The information contained in this press release corresponds to the narration of the objective news provided by the officials in charge of carrying out criminal investigations within the Office of the Attorney General. By the time this communication is disclosed, the legal status of the people mentioned is still pending to be resolved by the competent judicial authority, always under the presumption of innocence contemplated by Article 29 of the Political Constitution and Article 7 of Law 906 of 2004.<\/p>\n","protected":false},"excerpt":{"rendered":"<p>The Attorney General Francisco Barbosa also announced the presentation of a bill to strengthen the staff of prosecutors, prosecutors\u2019 assistants, and investigators In Bucaramanga, the Attorney General, Francisco Barbosa Delgado, announced the creation of a specialized group that will lead the investigation of the management of the resources of the so- called \u00d3rganos Colegiados de [&hellip;]<\/p>\n","protected":false},"author":8,"featured_media":0,"comment_status":"open","ping_status":"open","sticky":false,"template":"","format":"standard","meta":{"footnotes":""},"categories":[10,1],"tags":[],"class_list":{"0":"post-40919","1":"post","2":"type-post","3":"status-publish","4":"format-standard","6":"category-attorney-general","7":"category-news"},"_links":{"self":[{"href":"https:\/\/www.fiscalia.gov.co\/colombia\/en\/wp-json\/wp\/v2\/posts\/40919"}],"collection":[{"href":"https:\/\/www.fiscalia.gov.co\/colombia\/en\/wp-json\/wp\/v2\/posts"}],"about":[{"href":"https:\/\/www.fiscalia.gov.co\/colombia\/en\/wp-json\/wp\/v2\/types\/post"}],"author":[{"embeddable":true,"href":"https:\/\/www.fiscalia.gov.co\/colombia\/en\/wp-json\/wp\/v2\/users\/8"}],"replies":[{"embeddable":true,"href":"https:\/\/www.fiscalia.gov.co\/colombia\/en\/wp-json\/wp\/v2\/comments?post=40919"}],"version-history":[{"count":1,"href":"https:\/\/www.fiscalia.gov.co\/colombia\/en\/wp-json\/wp\/v2\/posts\/40919\/revisions"}],"predecessor-version":[{"id":40920,"href":"https:\/\/www.fiscalia.gov.co\/colombia\/en\/wp-json\/wp\/v2\/posts\/40919\/revisions\/40920"}],"wp:attachment":[{"href":"https:\/\/www.fiscalia.gov.co\/colombia\/en\/wp-json\/wp\/v2\/media?parent=40919"}],"wp:term":[{"taxonomy":"category","embeddable":true,"href":"https:\/\/www.fiscalia.gov.co\/colombia\/en\/wp-json\/wp\/v2\/categories?post=40919"},{"taxonomy":"post_tag","embeddable":true,"href":"https:\/\/www.fiscalia.gov.co\/colombia\/en\/wp-json\/wp\/v2\/tags?post=40919"}],"curies":[{"name":"wp","href":"https:\/\/api.w.org\/{rel}","templated":true}]}}