{"id":40899,"date":"2022-08-12T08:01:38","date_gmt":"2022-08-12T13:01:38","guid":{"rendered":"https:\/\/www.fiscalia.gov.co\/colombia\/en\/?p=40899"},"modified":"2022-08-12T19:36:27","modified_gmt":"2022-08-13T00:36:27","slug":"a-man-who-allegedly-committed-a-crime-in-salamina-caldas-was-brought-before-justice","status":"publish","type":"post","link":"https:\/\/www.fiscalia.gov.co\/colombia\/en\/2022\/08\/12\/a-man-who-allegedly-committed-a-crime-in-salamina-caldas-was-brought-before-justice\/","title":{"rendered":"A man who allegedly committed a crime in Salamina (Caldas) was brought before justice"},"content":{"rendered":"<p>A prosecutor from the Unit (Unidad de Reacci\u00f3n Inmediata URI) of the Sectional Office in Caldas brought Oswaldo Andr\u00e9s Jaramillo S\u00e1nchez before justice for the crime of homicide after being arrested by the National Police and being accused of murdering C\u00e9sar Augusto Valencia Zapata with a knife in facts that occurred in Salamina (Caldas).<\/p>\n<p>The witness&#8217; statements revealed that the victim was in a public establishment in Salamina, where the accused arrived and apparently threatened Valencia Zapata with murder.<\/p>\n<p>According to the investigation, the victim left the establishment and Jaramillo S\u00e1nchez allegedly wounded the victim three times with a knife and collapsed when he came back to the establishment.<\/p>\n<p>According to witnesses, while Valencia Zapata was transferred to a hospital, the man involved in the fact fled from the place to his house where Police officers arrived and arrested him.<\/p>\n<p>The detainee must remain under house arrest.<\/p>\n<p>When we speak, results follow.<\/p>\n<p>The information contained in this press release corresponds to the narration of the objective news provided by the officials in charge of carrying out criminal investigations within the Office of the Attorney General. By the time this communication is disclosed, the legal status of the people mentioned is still pending to be resolved by the competent judicial authority, always under the presumption of innocence contemplated by Article 29 of the Political Constitution and Article 7 of Law 906 of 2004.<\/p>\n","protected":false},"excerpt":{"rendered":"<p>A prosecutor from the Unit (Unidad de Reacci\u00f3n Inmediata URI) of the Sectional Office in Caldas brought Oswaldo Andr\u00e9s Jaramillo S\u00e1nchez before justice for the crime of homicide after being arrested by the National Police and being accused of murdering C\u00e9sar Augusto Valencia Zapata with a knife in facts that occurred in Salamina (Caldas). The [&hellip;]<\/p>\n","protected":false},"author":8,"featured_media":0,"comment_status":"open","ping_status":"open","sticky":false,"template":"","format":"standard","meta":{"footnotes":""},"categories":[1],"tags":[],"class_list":{"0":"post-40899","1":"post","2":"type-post","3":"status-publish","4":"format-standard","6":"category-news"},"_links":{"self":[{"href":"https:\/\/www.fiscalia.gov.co\/colombia\/en\/wp-json\/wp\/v2\/posts\/40899"}],"collection":[{"href":"https:\/\/www.fiscalia.gov.co\/colombia\/en\/wp-json\/wp\/v2\/posts"}],"about":[{"href":"https:\/\/www.fiscalia.gov.co\/colombia\/en\/wp-json\/wp\/v2\/types\/post"}],"author":[{"embeddable":true,"href":"https:\/\/www.fiscalia.gov.co\/colombia\/en\/wp-json\/wp\/v2\/users\/8"}],"replies":[{"embeddable":true,"href":"https:\/\/www.fiscalia.gov.co\/colombia\/en\/wp-json\/wp\/v2\/comments?post=40899"}],"version-history":[{"count":1,"href":"https:\/\/www.fiscalia.gov.co\/colombia\/en\/wp-json\/wp\/v2\/posts\/40899\/revisions"}],"predecessor-version":[{"id":40900,"href":"https:\/\/www.fiscalia.gov.co\/colombia\/en\/wp-json\/wp\/v2\/posts\/40899\/revisions\/40900"}],"wp:attachment":[{"href":"https:\/\/www.fiscalia.gov.co\/colombia\/en\/wp-json\/wp\/v2\/media?parent=40899"}],"wp:term":[{"taxonomy":"category","embeddable":true,"href":"https:\/\/www.fiscalia.gov.co\/colombia\/en\/wp-json\/wp\/v2\/categories?post=40899"},{"taxonomy":"post_tag","embeddable":true,"href":"https:\/\/www.fiscalia.gov.co\/colombia\/en\/wp-json\/wp\/v2\/tags?post=40899"}],"curies":[{"name":"wp","href":"https:\/\/api.w.org\/{rel}","templated":true}]}}