{"id":40761,"date":"2022-06-23T15:59:35","date_gmt":"2022-06-23T20:59:35","guid":{"rendered":"https:\/\/www.fiscalia.gov.co\/colombia\/en\/?p=40761"},"modified":"2022-06-23T23:44:41","modified_gmt":"2022-06-24T04:44:41","slug":"the-people-allegedly-responsible-for-the-murder-of-a-man-in-belen-de-umbria-were-sent-to-prison","status":"publish","type":"post","link":"https:\/\/www.fiscalia.gov.co\/colombia\/en\/2022\/06\/23\/the-people-allegedly-responsible-for-the-murder-of-a-man-in-belen-de-umbria-were-sent-to-prison\/","title":{"rendered":"The people allegedly responsible for the murder of a man in Bel\u00e9n de Umbr\u00eda were sent to prison"},"content":{"rendered":"<p>Given the evidence collected by the Prosecutor&#8217;s Office, judges sent Edwin Ib\u00e1\u00f1ez Angarita and Samuel Rend\u00f3n Uribe to prison. They are allegedly responsible for the murder of a man.<\/p>\n<p>According to the investigation, the victim was attacked with a firearm on March 6 when he entered a bar in the Buenos Aires neighborhood in the municipality of Bel\u00e9n de Umbr\u00eda. Once the crime was committed, Ib\u00e1\u00f1ez would have fled the scene on a motorcycle in which Rend\u00f3n Uribe was waiting for him.<\/p>\n<p>The Prosecutor&#8217;s Office charged the defendants as allegedly responsible for the crimes of aggravated homicide and aggravated possession of weapons. The defendants did not plead guilty.<\/p>\n<p>The Office of the Attorney General makes this information public for reasons of general interest<\/p>\n<p>When we speak, results follow.<\/p>\n<p>The information contained in this press release corresponds to the narration of the objective news provided by the officials in charge of carrying out the criminal investigations within the Office of the Attorney General. By the time this communication is disclosed, the legal status of the people mentioned is still pending to be resolved by the competent judicial authority, always under the presumption of innocence contemplated by Article 29 of the Political Constitution and Article 7 of Law 906 of 2004.<\/p>\n","protected":false},"excerpt":{"rendered":"<p>Given the evidence collected by the Prosecutor&#8217;s Office, judges sent Edwin Ib\u00e1\u00f1ez Angarita and Samuel Rend\u00f3n Uribe to prison. They are allegedly responsible for the murder of a man. According to the investigation, the victim was attacked with a firearm on March 6 when he entered a bar in the Buenos Aires neighborhood in the [&hellip;]<\/p>\n","protected":false},"author":8,"featured_media":0,"comment_status":"open","ping_status":"open","sticky":false,"template":"","format":"standard","meta":{"footnotes":""},"categories":[1],"tags":[],"class_list":{"0":"post-40761","1":"post","2":"type-post","3":"status-publish","4":"format-standard","6":"category-news"},"_links":{"self":[{"href":"https:\/\/www.fiscalia.gov.co\/colombia\/en\/wp-json\/wp\/v2\/posts\/40761"}],"collection":[{"href":"https:\/\/www.fiscalia.gov.co\/colombia\/en\/wp-json\/wp\/v2\/posts"}],"about":[{"href":"https:\/\/www.fiscalia.gov.co\/colombia\/en\/wp-json\/wp\/v2\/types\/post"}],"author":[{"embeddable":true,"href":"https:\/\/www.fiscalia.gov.co\/colombia\/en\/wp-json\/wp\/v2\/users\/8"}],"replies":[{"embeddable":true,"href":"https:\/\/www.fiscalia.gov.co\/colombia\/en\/wp-json\/wp\/v2\/comments?post=40761"}],"version-history":[{"count":1,"href":"https:\/\/www.fiscalia.gov.co\/colombia\/en\/wp-json\/wp\/v2\/posts\/40761\/revisions"}],"predecessor-version":[{"id":40762,"href":"https:\/\/www.fiscalia.gov.co\/colombia\/en\/wp-json\/wp\/v2\/posts\/40761\/revisions\/40762"}],"wp:attachment":[{"href":"https:\/\/www.fiscalia.gov.co\/colombia\/en\/wp-json\/wp\/v2\/media?parent=40761"}],"wp:term":[{"taxonomy":"category","embeddable":true,"href":"https:\/\/www.fiscalia.gov.co\/colombia\/en\/wp-json\/wp\/v2\/categories?post=40761"},{"taxonomy":"post_tag","embeddable":true,"href":"https:\/\/www.fiscalia.gov.co\/colombia\/en\/wp-json\/wp\/v2\/tags?post=40761"}],"curies":[{"name":"wp","href":"https:\/\/api.w.org\/{rel}","templated":true}]}}