{"id":40606,"date":"2022-03-23T09:33:46","date_gmt":"2022-03-23T14:33:46","guid":{"rendered":"https:\/\/www.fiscalia.gov.co\/colombia\/en\/?p=40606"},"modified":"2022-03-24T15:18:43","modified_gmt":"2022-03-24T20:18:43","slug":"an-alleged-murderer-was-sent-to-prison-in-boyaca","status":"publish","type":"post","link":"https:\/\/www.fiscalia.gov.co\/colombia\/en\/2022\/03\/23\/an-alleged-murderer-was-sent-to-prison-in-boyaca\/","title":{"rendered":"An alleged murderer was sent to prison in Boyac\u00e1"},"content":{"rendered":"<p>At the request of the sectional Office in Boyac\u00e1, a judge ordered a prison against Edwin Forero Jim\u00e9nez, allegedly responsible for the crime of homicide.<\/p>\n<p>The defendant was arrested in the rural area of Daito in Escaparral, municipality of Aquitania by CTI members in coordination with SIJIN of Sogamoso (Boyac\u00e1).<\/p>\n<p>The facts occurred on March 10, 2022, in Sogamoso, where Forero Jim\u00e9nez would have physically attacked his victim with forceful blows to the head and body, which later caused her death.<\/p>\n<p>When we speak, results follow.<\/p>\n<p><em>The information contained in this press release corresponds to the narration of the objective news provided by the officials in charge of carrying out the criminal investigations within the Office of the Attorney General. By the time this communication is disclosed, the legal status of the people mentioned is still pending to be resolved by the competent judicial authority, always under the presumption of innocence contemplated by Article 29 of the Political Constitution and Article 7 of Law 906 of 2004.<\/em><\/p>\n","protected":false},"excerpt":{"rendered":"<p>At the request of the sectional Office in Boyac\u00e1, a judge ordered a prison against Edwin Forero Jim\u00e9nez, allegedly responsible for the crime of homicide. The defendant was arrested in the rural area of Daito in Escaparral, municipality of Aquitania by CTI members in coordination with SIJIN of Sogamoso (Boyac\u00e1). The facts occurred on March [&hellip;]<\/p>\n","protected":false},"author":8,"featured_media":0,"comment_status":"open","ping_status":"open","sticky":false,"template":"","format":"standard","meta":{"footnotes":""},"categories":[1],"tags":[],"class_list":{"0":"post-40606","1":"post","2":"type-post","3":"status-publish","4":"format-standard","6":"category-news"},"_links":{"self":[{"href":"https:\/\/www.fiscalia.gov.co\/colombia\/en\/wp-json\/wp\/v2\/posts\/40606"}],"collection":[{"href":"https:\/\/www.fiscalia.gov.co\/colombia\/en\/wp-json\/wp\/v2\/posts"}],"about":[{"href":"https:\/\/www.fiscalia.gov.co\/colombia\/en\/wp-json\/wp\/v2\/types\/post"}],"author":[{"embeddable":true,"href":"https:\/\/www.fiscalia.gov.co\/colombia\/en\/wp-json\/wp\/v2\/users\/8"}],"replies":[{"embeddable":true,"href":"https:\/\/www.fiscalia.gov.co\/colombia\/en\/wp-json\/wp\/v2\/comments?post=40606"}],"version-history":[{"count":1,"href":"https:\/\/www.fiscalia.gov.co\/colombia\/en\/wp-json\/wp\/v2\/posts\/40606\/revisions"}],"predecessor-version":[{"id":40607,"href":"https:\/\/www.fiscalia.gov.co\/colombia\/en\/wp-json\/wp\/v2\/posts\/40606\/revisions\/40607"}],"wp:attachment":[{"href":"https:\/\/www.fiscalia.gov.co\/colombia\/en\/wp-json\/wp\/v2\/media?parent=40606"}],"wp:term":[{"taxonomy":"category","embeddable":true,"href":"https:\/\/www.fiscalia.gov.co\/colombia\/en\/wp-json\/wp\/v2\/categories?post=40606"},{"taxonomy":"post_tag","embeddable":true,"href":"https:\/\/www.fiscalia.gov.co\/colombia\/en\/wp-json\/wp\/v2\/tags?post=40606"}],"curies":[{"name":"wp","href":"https:\/\/api.w.org\/{rel}","templated":true}]}}