{"id":40455,"date":"2022-01-24T09:50:47","date_gmt":"2022-01-24T14:50:47","guid":{"rendered":"https:\/\/www.fiscalia.gov.co\/colombia\/en\/?p=40455"},"modified":"2022-01-24T17:39:33","modified_gmt":"2022-01-24T22:39:33","slug":"alias-arrecho-accused-of-belonging-to-the-clan-del-golfos-structure-that-operates-in-choco-was-brought-before-justice","status":"publish","type":"post","link":"https:\/\/www.fiscalia.gov.co\/colombia\/en\/2022\/01\/24\/alias-arrecho-accused-of-belonging-to-the-clan-del-golfos-structure-that-operates-in-choco-was-brought-before-justice\/","title":{"rendered":"Alias &#8216;Arrech\u00f3&#8217; accused of belonging to the Clan del Golfo\u00b4s structure that operates in Choc\u00f3 was brought before justice"},"content":{"rendered":"<p>The Sectional Office in Choc\u00f3 brought Agustiper Bailar\u00edn Conchave, alias &#8216;Arrech\u00f3&#8217;, before justice for the crime of aggravated conspiracy, after being accused of belonging to the Baud\u00f3 substructure of the Clan del Golfo.<\/p>\n<p>The detainee appeared before Navy officers in Nuqui (Choc\u00f3) where he was arrested and then, he was brought before a judge by a prosecutor in Bah\u00eda Solano.<\/p>\n<p>According to the evidence, this person apparently was part of this organization since August 2013 to October 2021, having as an area of \u200b\u200bcriminal interference the indigenous communities of Pava, Macora, Noamia, all belonging to Alto Baud\u00f3 (Choc\u00f3).<\/p>\n<p>During the proceedings, the defendant was deprived of his liberty.<\/p>\n<p>When we speak, results follow.<\/p>\n<p>&nbsp;<\/p>\n","protected":false},"excerpt":{"rendered":"<p>The Sectional Office in Choc\u00f3 brought Agustiper Bailar\u00edn Conchave, alias &#8216;Arrech\u00f3&#8217;, before justice for the crime of aggravated conspiracy, after being accused of belonging to the Baud\u00f3 substructure of the Clan del Golfo. The detainee appeared before Navy officers in Nuqui (Choc\u00f3) where he was arrested and then, he was brought before a judge by [&hellip;]<\/p>\n","protected":false},"author":8,"featured_media":0,"comment_status":"open","ping_status":"open","sticky":false,"template":"","format":"standard","meta":{"footnotes":""},"categories":[1],"tags":[],"class_list":{"0":"post-40455","1":"post","2":"type-post","3":"status-publish","4":"format-standard","6":"category-news"},"_links":{"self":[{"href":"https:\/\/www.fiscalia.gov.co\/colombia\/en\/wp-json\/wp\/v2\/posts\/40455"}],"collection":[{"href":"https:\/\/www.fiscalia.gov.co\/colombia\/en\/wp-json\/wp\/v2\/posts"}],"about":[{"href":"https:\/\/www.fiscalia.gov.co\/colombia\/en\/wp-json\/wp\/v2\/types\/post"}],"author":[{"embeddable":true,"href":"https:\/\/www.fiscalia.gov.co\/colombia\/en\/wp-json\/wp\/v2\/users\/8"}],"replies":[{"embeddable":true,"href":"https:\/\/www.fiscalia.gov.co\/colombia\/en\/wp-json\/wp\/v2\/comments?post=40455"}],"version-history":[{"count":1,"href":"https:\/\/www.fiscalia.gov.co\/colombia\/en\/wp-json\/wp\/v2\/posts\/40455\/revisions"}],"predecessor-version":[{"id":40456,"href":"https:\/\/www.fiscalia.gov.co\/colombia\/en\/wp-json\/wp\/v2\/posts\/40455\/revisions\/40456"}],"wp:attachment":[{"href":"https:\/\/www.fiscalia.gov.co\/colombia\/en\/wp-json\/wp\/v2\/media?parent=40455"}],"wp:term":[{"taxonomy":"category","embeddable":true,"href":"https:\/\/www.fiscalia.gov.co\/colombia\/en\/wp-json\/wp\/v2\/categories?post=40455"},{"taxonomy":"post_tag","embeddable":true,"href":"https:\/\/www.fiscalia.gov.co\/colombia\/en\/wp-json\/wp\/v2\/tags?post=40455"}],"curies":[{"name":"wp","href":"https:\/\/api.w.org\/{rel}","templated":true}]}}