{"id":40380,"date":"2021-12-16T17:09:45","date_gmt":"2021-12-16T22:09:45","guid":{"rendered":"https:\/\/www.fiscalia.gov.co\/colombia\/en\/?p=40380"},"modified":"2021-12-16T19:12:47","modified_gmt":"2021-12-17T00:12:47","slug":"the-attorney-generals-office-achieved-guilty-verdicts-against-paul-naranjo-and-julian-ortegon-for-the-crime-of-aggravated-femicide","status":"publish","type":"post","link":"https:\/\/www.fiscalia.gov.co\/colombia\/en\/2021\/12\/16\/the-attorney-generals-office-achieved-guilty-verdicts-against-paul-naranjo-and-julian-ortegon-for-the-crime-of-aggravated-femicide\/","title":{"rendered":"The Attorney General\u00b4s Office achieved guilty verdicts against Paul Naranjo and Juli\u00e1n Orteg\u00f3n, for the crime of aggravated femicide"},"content":{"rendered":"<p><em>Both men were found guilty of the death of Ana Mar\u00eda Castro Romero that occurred on March 5, 2020.<\/em><\/p>\n<p>A judge accepted the request made by a prosecutor and delivered a guilty verdict against Juli\u00e1n Orteg\u00f3n and Paul Naranjo for the death of \u00a0Ana Mar\u00eda Castro. Both will be responsible for the crime of aggravated femicide as co-authors.<\/p>\n<p>According to the evidence presented by the Prosecutor&#8217;s Office, it was established that on the night of March 4, 2020, the young woman Ana Mar\u00eda Castro Romero, was with Paul Naranjo Calvo and Juli\u00e1n Orteg\u00f3n in a commercial establishment in the north area of Bogot\u00e1.<\/p>\n<p>According to evidence, testimonies and forensic analysis, in the morning of March 5, the young woman left that place in the company of both men and another young man. Ana Mar\u00eda Castro got into the rear seat of the truck with her friend, while Naranjo and Orteg\u00f3n were in the front area of the vehicle.<\/p>\n<p>The evidence also indicates that on the so-called <em>Calle 80<\/em>, Paul Naranjo got the victim&#8217;s companion out of the car, and some meters ahead in complicity with Juli\u00e1n Orteg\u00f3n, they threw the young woman from the moving truck who suffered several traumatic blows.<\/p>\n<p>A witness, who called the 123 emergency line, said that he saw how the young woman was violently thrown from the moving car and fell abruptly to the ground.<\/p>\n<p>That morning, the victim was taken to a Hospital in Engativ\u00e1 and later, to the Hospital Sim\u00f3n Bol\u00edvar where she died due to the multiple trauma that she suffered.<\/p>\n<p>When we speak, results follow.<\/p>\n","protected":false},"excerpt":{"rendered":"<p>Both men were found guilty of the death of Ana Mar\u00eda Castro Romero that occurred on March 5, 2020. A judge accepted the request made by a prosecutor and delivered a guilty verdict against Juli\u00e1n Orteg\u00f3n and Paul Naranjo for the death of \u00a0Ana Mar\u00eda Castro. Both will be responsible for the crime of aggravated [&hellip;]<\/p>\n","protected":false},"author":8,"featured_media":0,"comment_status":"open","ping_status":"open","sticky":false,"template":"","format":"standard","meta":{"footnotes":""},"categories":[1],"tags":[],"class_list":{"0":"post-40380","1":"post","2":"type-post","3":"status-publish","4":"format-standard","6":"category-news"},"_links":{"self":[{"href":"https:\/\/www.fiscalia.gov.co\/colombia\/en\/wp-json\/wp\/v2\/posts\/40380"}],"collection":[{"href":"https:\/\/www.fiscalia.gov.co\/colombia\/en\/wp-json\/wp\/v2\/posts"}],"about":[{"href":"https:\/\/www.fiscalia.gov.co\/colombia\/en\/wp-json\/wp\/v2\/types\/post"}],"author":[{"embeddable":true,"href":"https:\/\/www.fiscalia.gov.co\/colombia\/en\/wp-json\/wp\/v2\/users\/8"}],"replies":[{"embeddable":true,"href":"https:\/\/www.fiscalia.gov.co\/colombia\/en\/wp-json\/wp\/v2\/comments?post=40380"}],"version-history":[{"count":2,"href":"https:\/\/www.fiscalia.gov.co\/colombia\/en\/wp-json\/wp\/v2\/posts\/40380\/revisions"}],"predecessor-version":[{"id":40382,"href":"https:\/\/www.fiscalia.gov.co\/colombia\/en\/wp-json\/wp\/v2\/posts\/40380\/revisions\/40382"}],"wp:attachment":[{"href":"https:\/\/www.fiscalia.gov.co\/colombia\/en\/wp-json\/wp\/v2\/media?parent=40380"}],"wp:term":[{"taxonomy":"category","embeddable":true,"href":"https:\/\/www.fiscalia.gov.co\/colombia\/en\/wp-json\/wp\/v2\/categories?post=40380"},{"taxonomy":"post_tag","embeddable":true,"href":"https:\/\/www.fiscalia.gov.co\/colombia\/en\/wp-json\/wp\/v2\/tags?post=40380"}],"curies":[{"name":"wp","href":"https:\/\/api.w.org\/{rel}","templated":true}]}}