{"id":40282,"date":"2021-11-05T15:16:01","date_gmt":"2021-11-05T20:16:01","guid":{"rendered":"https:\/\/www.fiscalia.gov.co\/colombia\/en\/?p=40282"},"modified":"2021-11-05T21:58:23","modified_gmt":"2021-11-06T02:58:23","slug":"two-alleged-perpetrators-of-a-terrorist-attack-in-paz-de-ariporo-casanare-in-which-three-soldiers-and-one-civilian-died-were-sent-to-prison","status":"publish","type":"post","link":"https:\/\/www.fiscalia.gov.co\/colombia\/en\/2021\/11\/05\/two-alleged-perpetrators-of-a-terrorist-attack-in-paz-de-ariporo-casanare-in-which-three-soldiers-and-one-civilian-died-were-sent-to-prison\/","title":{"rendered":"Two alleged perpetrators of a terrorist attack in Paz de Ariporo (Casanare) in which three soldiers and one civilian died, were sent to prison"},"content":{"rendered":"<p>In less than 12 hours, the Attorney General&#8217;s Office, through CTI investigators and National Army, managed to arrest and prosecute Eli\u00e1n Efr\u00e9n Alapre Delgado, alias Wilder Castellanos; and Luis Aladino Vergara G\u00f3mez, alias Chig\u00fciro. They were accused of participating in the car bomb attack that took place on November 3 outside of the municipality of Paz de Ariporo (Casanare), in which three soldiers and a civilian died and several people were injured.<\/p>\n<p>Both men were arrested in flagrante delicto after the location of another improvised explosive device made up of Indugel ready to detonate, which was allegedly intended to attack the public force. This information was obtained through the interception of communications, which also made it possible to show that they were ordered to move to Arauca in order to go to Venezuela.<\/p>\n<p>For these facts, a Special Prosecutor of the Sectional Office in Casanare charged them with aggravated homicide for terrorist purposes, terrorism, aggravated conspiracy for committing terrorism, illegal possession of weapons and explosives; and aggravated injuries for terrorist purposes. Those people investigated did not plead guilty to the charges.<\/p>\n<p>Due to the conclusive evidence provided by the Attorney General\u00b4s Office, a judge of Paz de Ariporo issued a prison sentence against the defendants.<\/p>\n<p>According to the investigations, \u2018Wilder Castellanos\u2019 and \u2018Chig\u00fciro\u2019, who allegedly were part of the 28th Farc\u2019s dissent, were also involved in at least other 5 violent acts committed in the department of Casanare this year.<\/p>\n<p>When we speak, results follow.<\/p>\n<p><em>The information contained in this press release corresponds to the narration of the objective news provided by the officials in charge of carrying out the criminal investigations within the Office of the Attorney General. By the time this communication is disclosed, the legal status of the people mentioned is still pending to be resolved by the competent judicial authority, always under the presumption of innocence contemplated by Article 29 of the Political Constitution and Article 7 of Law 906 of 2004.<\/em><\/p>\n","protected":false},"excerpt":{"rendered":"<p>In less than 12 hours, the Attorney General&#8217;s Office, through CTI investigators and National Army, managed to arrest and prosecute Eli\u00e1n Efr\u00e9n Alapre Delgado, alias Wilder Castellanos; and Luis Aladino Vergara G\u00f3mez, alias Chig\u00fciro. They were accused of participating in the car bomb attack that took place on November 3 outside of the municipality of [&hellip;]<\/p>\n","protected":false},"author":8,"featured_media":0,"comment_status":"open","ping_status":"open","sticky":false,"template":"","format":"standard","meta":{"footnotes":""},"categories":[10,1],"tags":[],"class_list":{"0":"post-40282","1":"post","2":"type-post","3":"status-publish","4":"format-standard","6":"category-attorney-general","7":"category-news"},"_links":{"self":[{"href":"https:\/\/www.fiscalia.gov.co\/colombia\/en\/wp-json\/wp\/v2\/posts\/40282"}],"collection":[{"href":"https:\/\/www.fiscalia.gov.co\/colombia\/en\/wp-json\/wp\/v2\/posts"}],"about":[{"href":"https:\/\/www.fiscalia.gov.co\/colombia\/en\/wp-json\/wp\/v2\/types\/post"}],"author":[{"embeddable":true,"href":"https:\/\/www.fiscalia.gov.co\/colombia\/en\/wp-json\/wp\/v2\/users\/8"}],"replies":[{"embeddable":true,"href":"https:\/\/www.fiscalia.gov.co\/colombia\/en\/wp-json\/wp\/v2\/comments?post=40282"}],"version-history":[{"count":1,"href":"https:\/\/www.fiscalia.gov.co\/colombia\/en\/wp-json\/wp\/v2\/posts\/40282\/revisions"}],"predecessor-version":[{"id":40283,"href":"https:\/\/www.fiscalia.gov.co\/colombia\/en\/wp-json\/wp\/v2\/posts\/40282\/revisions\/40283"}],"wp:attachment":[{"href":"https:\/\/www.fiscalia.gov.co\/colombia\/en\/wp-json\/wp\/v2\/media?parent=40282"}],"wp:term":[{"taxonomy":"category","embeddable":true,"href":"https:\/\/www.fiscalia.gov.co\/colombia\/en\/wp-json\/wp\/v2\/categories?post=40282"},{"taxonomy":"post_tag","embeddable":true,"href":"https:\/\/www.fiscalia.gov.co\/colombia\/en\/wp-json\/wp\/v2\/tags?post=40282"}],"curies":[{"name":"wp","href":"https:\/\/api.w.org\/{rel}","templated":true}]}}