{"id":39578,"date":"2021-01-11T09:02:24","date_gmt":"2021-01-11T14:02:24","guid":{"rendered":"https:\/\/www.fiscalia.gov.co\/colombia\/en\/?p=39578"},"modified":"2021-01-14T14:47:22","modified_gmt":"2021-01-14T19:47:22","slug":"the-attorney-general-prioritizes-investigative-actions-against-delinquency-and-organized-crime-in-amazonas","status":"publish","type":"post","link":"https:\/\/www.fiscalia.gov.co\/colombia\/en\/2021\/01\/11\/the-attorney-general-prioritizes-investigative-actions-against-delinquency-and-organized-crime-in-amazonas\/","title":{"rendered":"The Attorney General prioritizes investigative actions against delinquency and organized crime in Amazonas"},"content":{"rendered":"<p class=\"x_MsoListParagraphCxSpMiddle\"><em><strong><span lang=\"EN-US\">\u2022 During his visit to the region, the Attorney General, Francisco Barbosa Delgado, listened to citizens and he held meetings with the Colombian and Brazilian authorities to define joint actions against criminal structures, human trafficking and deforestation organizations.\u00a0<\/span><\/strong><\/em><\/p>\n<p class=\"x_MsoListParagraphCxSpMiddle\"><em><strong><span lang=\"EN-US\">\u2022 He announced the construction project for a headquarters in Guaviare.\u00a0<\/span><\/strong><\/em><\/p>\n<p class=\"x_MsoListParagraphCxSpMiddle\"><span lang=\"EN-US\">With the aim of strengthening the institutional presence in the territories and defining differential investigative actions according to the criminal phenomena that affect each region, the Attorney General, Francisco Barbosa Delgado, visited some strategic points of the Colombian Amazon region. \u00a0<\/span><\/p>\n<p class=\"x_MsoListParagraphCxSpMiddle\"><span lang=\"EN-US\">In the company of the Deputy Attorney General, Martha Janeth Mancera; the Delegate Director on Public Security, Luisa Fernanda Obando; the Executive Director, Astrid Torcoroma Rojas; and the Special Director against Corruption, Eduard Alirio Calder\u00f3n; the Attorney General spoke with citizens to learn first-hand about judicial requirements. He also held meetings with staff of the Sectional Offices in Amazonas and Guaviare to guarantee better working conditions.\u00a0<\/span><\/p>\n<p class=\"x_MsoListParagraphCxSpMiddle\"><span lang=\"EN-US\">In Puerto Nari\u00f1o (Amazonas), a focused intervention plan was agreed to investigate domestic violence and theft,\u00a0\u00a0two illegal behaviors that most affect this population.\u00a0<\/span><\/p>\n<p class=\"x_MsoListParagraphCxSpMiddle\"><span lang=\"EN-US\">Subsequently, the Prosecutor Barbosa Delgado and his staff held a meeting with the Colombian consul in Tabatinga, Juan Carlos Carrillo; and representatives of the Brazilian authorities. Some joint efforts were agreed to combat drug trafficking and human trafficking, on the understanding that sexual exploitation activities of girls, adolescents and women have been promoted in the border area.\u00a0<\/span><\/p>\n<p class=\"x_MsoListParagraphCxSpMiddle\"><span lang=\"EN-US\">The joint judicial and operational actions will be accompanied by a campaign to avoid the commission of this crime and raise awareness about the urgent need to protect minors and women. \u00a0<\/span><\/p>\n<p class=\"x_MsoListParagraphCxSpMiddle\"><b><u><span lang=\"EN-US\">Fight against deforestation\u00a0<\/span><\/u><\/b><\/p>\n<p class=\"x_MsoListParagraphCxSpMiddle\"><span lang=\"EN-US\">\u00a0As part of the agenda, the Attorney General and his delegation participated in the Council of Ministers convened by the President, Iv\u00e1n Duque M\u00e1rquez, in Leticia. In this scenario, the results obtained in the Investigation Strategy against Deforestation in the Colombian Amazon\u00a0<\/span><span lang=\"EN-US\">\u2018Estrategia de Investigaci\u00f3n contra la Deforestaci\u00f3n en la Amazon\u00eda Colombiana<\/span><span lang=\"EN-US\">\u2019, led by the Office of the Attorney General, and the operation \u2018Artemisa\u2019, in which there is a joint work with the public force, were reviewed.\u00a0<\/span><\/p>\n<p class=\"x_MsoListParagraphCxSpMiddle\"><span lang=\"EN-US\">In five major operations carried out in 2020 in areas of\u00a0<\/span><i><span lang=\"EN-US\">Parques Nacionales Naturales<\/span><\/i><span lang=\"EN-US\">, more than 40 people were identified as people devastating forest reserve areas and were arrested and prosecuted. Different focal points of deforestation were controlled.\u00a0<\/span><\/p>\n<p class=\"x_MsoListParagraphCxSpMiddle\"><span lang=\"EN-US\">By 2021, the Office of the Attorney General and the National Government will strengthen this investigative and operational synergy to dismantle the criminal networks that promote the destruction of the Amazon region to have illicit crops, to process drugs, to carry out illegal agricultural activities and other illegal activities.\u00a0\u00a0\u00a0<\/span><\/p>\n<p class=\"x_MsoListParagraphCxSpMiddle\"><span lang=\"EN-US\">Part of this inter-institutional commitment was reaffirmed in Tarapac\u00e1 (Amazonas) with Army and police authorities of the region.\u00a0<\/span><\/p>\n<p class=\"x_MsoListParagraphCxSpMiddle\"><b><u><span lang=\"EN-US\">The Office of the Attorney General will have a modern and spacious headquarters at the service of citizens in Guaviare\u00a0<\/span><\/u><\/b><\/p>\n<p class=\"x_MsoListParagraphCxSpMiddle\"><span lang=\"EN-US\">The Attorney General, Francisco Barbosa Delgado, and his staff finalized details to launch the project to build the entity&#8217;s sole headquarters in Guaviare.\u00a0<\/span><\/p>\n<p class=\"x_MsoListParagraphCxSpLast\"><span lang=\"EN-US\">\u00a0\u201cWe are in the land where we are going to build the headquarters of the Attorney General&#8217;s Office. We did not have our own headquarters; we were in a rented place. The entire bidding process has already started. The investment\u00a0\u00a0is COP 9,700 million with 3,340 square meters of construction&#8221;, stated the Attorney General during his visit.\u00a0<\/span><\/p>\n<p class=\"x_MsoNormal\"><span lang=\"EN-US\">\u00a0The works will begin in August this year. It will be a two-level structure that will concentrate the services of the sectional and special prosecutors, the CTI, the Center for Integral Attention to Victims of Sexual Violence (<\/span>Centro de Atenci\u00f3n Integral a V\u00edctimas de Agresi\u00f3n Sexual (Caivas) in Spanish), Center for Assistance of victims of Domestic Violence (Centro de Atenci\u00f3n a V\u00edctimas de Violencia Intrafamiliar (Cavif) in Spanish)\u00a0and other areas. Additionally, it will have more spacious and modern spaces to guarantee the well-being of 70 employees.<span lang=\"EN-US\">\u00a0<\/span><\/p>\n<p class=\"x_MsoListParagraph\"><span lang=\"EN-US\">&#8220;It is good news for this area of \u200b\u200bthe country that has been included within the strategy of the eastern territories in order to be able to combat crime,&#8221; concluded Prosecutor Barbosa Delgado.\u00a0<\/span><\/p>\n","protected":false},"excerpt":{"rendered":"<p>\u2022 During his visit to the region, the Attorney General, Francisco Barbosa Delgado, listened to citizens and he held meetings with the Colombian and Brazilian authorities to define joint actions against criminal structures, human trafficking and deforestation organizations.\u00a0 \u2022 He announced the construction project for a headquarters in Guaviare.\u00a0 With the aim of strengthening the [&hellip;]<\/p>\n","protected":false},"author":4,"featured_media":0,"comment_status":"open","ping_status":"open","sticky":false,"template":"","format":"standard","meta":{"footnotes":""},"categories":[10],"tags":[],"class_list":{"0":"post-39578","1":"post","2":"type-post","3":"status-publish","4":"format-standard","6":"category-attorney-general"},"_links":{"self":[{"href":"https:\/\/www.fiscalia.gov.co\/colombia\/en\/wp-json\/wp\/v2\/posts\/39578"}],"collection":[{"href":"https:\/\/www.fiscalia.gov.co\/colombia\/en\/wp-json\/wp\/v2\/posts"}],"about":[{"href":"https:\/\/www.fiscalia.gov.co\/colombia\/en\/wp-json\/wp\/v2\/types\/post"}],"author":[{"embeddable":true,"href":"https:\/\/www.fiscalia.gov.co\/colombia\/en\/wp-json\/wp\/v2\/users\/4"}],"replies":[{"embeddable":true,"href":"https:\/\/www.fiscalia.gov.co\/colombia\/en\/wp-json\/wp\/v2\/comments?post=39578"}],"version-history":[{"count":1,"href":"https:\/\/www.fiscalia.gov.co\/colombia\/en\/wp-json\/wp\/v2\/posts\/39578\/revisions"}],"predecessor-version":[{"id":39579,"href":"https:\/\/www.fiscalia.gov.co\/colombia\/en\/wp-json\/wp\/v2\/posts\/39578\/revisions\/39579"}],"wp:attachment":[{"href":"https:\/\/www.fiscalia.gov.co\/colombia\/en\/wp-json\/wp\/v2\/media?parent=39578"}],"wp:term":[{"taxonomy":"category","embeddable":true,"href":"https:\/\/www.fiscalia.gov.co\/colombia\/en\/wp-json\/wp\/v2\/categories?post=39578"},{"taxonomy":"post_tag","embeddable":true,"href":"https:\/\/www.fiscalia.gov.co\/colombia\/en\/wp-json\/wp\/v2\/tags?post=39578"}],"curies":[{"name":"wp","href":"https:\/\/api.w.org\/{rel}","templated":true}]}}