{"id":38906,"date":"2020-07-04T19:36:45","date_gmt":"2020-07-05T00:36:45","guid":{"rendered":"https:\/\/www.fiscalia.gov.co\/colombia\/en\/?p=38906"},"modified":"2020-07-09T12:18:55","modified_gmt":"2020-07-09T17:18:55","slug":"press-release-225","status":"publish","type":"post","link":"https:\/\/www.fiscalia.gov.co\/colombia\/en\/2020\/07\/04\/press-release-225\/","title":{"rendered":"Press release 225"},"content":{"rendered":"<div class=\"_2le66D_cFAbkq67CrgZcmE\">\n<div class=\"\">\n<div class=\"wide-content-host\">\n<div class=\"B1IVVpQay0rPzznhParFr KcNy0Xfd9-is-_CEp3QOI\" tabindex=\"-1\">\n<div>\n<div class=\"_3U2q6dcdZCrTrR_42Nxby JWNdg1hee9_Rz6bIGvG1c allowTextSelection\">\n<div>\n<div>\n<div dir=\"ltr\">\n<div>\n<p><span lang=\"en-US\">The Office of the Attorney General informs:<\/span><\/p>\n<p><span lang=\"en-US\">1.<\/span><span lang=\"en-US\">\u00a0\u00a0<\/span><span lang=\"en-US\">By order of the manufacturer Bombardier (BAS) and in order to guarantee airworthiness conditions, the FAC 1216 aircraft owned by the institution must carry out the preventive maintenance according to the flight hours, which is carried out in a service center in Fort Lauderdale, United States.<\/span><\/p>\n<p><span lang=\"en-US\">2.<\/span><span lang=\"en-US\">\u00a0<\/span><span lang=\"en-US\">Complying with the sanitary measures decreed by the National Government within the framework of Covid-19 and in agreement with the airplane manufacturer, the maintenance flight\u00a0<a id=\"LPlnk539064\"><\/a>was scheduled for May 23 this year.<\/p>\n<p><\/span><span lang=\"en-US\">3.<\/span><span lang=\"en-US\">\u00a0\u00a0\u00a0<\/span><span lang=\"en-US\">The date of maintenance of the FAC 1216 aircraft at the Bombardier service center (BAS), in Fort Lauderdale, United States was from May 23 to June 12, 2020.<\/span><\/p>\n<p><span lang=\"en-US\">\u00a0<\/span><span lang=\"en-US\">4.<\/span><span lang=\"en-US\">\u00a0<\/span><span lang=\"en-US\">For the round trips, the aircraft had an Air Force crew, without passengers, that was integrated by a pilot, a copilot, and a flight technician, complying with the Colombian Air Force regulations.<\/span><span lang=\"en-US\">\u00a0<\/span><\/p>\n<p><span lang=\"en-US\">5.<\/span><span lang=\"en-US\">\u00a0\u00a0\u00a0\u00a0<\/span><span lang=\"en-US\">This travel had the approval of the Ministry of National Defense and Migration authority in Colombia. It started in the city of Bogot\u00e1, with a technical stopover in the city of Barranquilla and its destination was the city of Fort Lauderdale.<\/span><\/p>\n<p><span lang=\"en-US\">6.<\/span><span lang=\"en-US\">\u00a0<\/span><span lang=\"en-US\">Within the framework of the &#8220;Transparency for the Emergency&#8221; strategy, carried out by the Office of the Attorney General and with an official work agenda in the territories, a recent official visit was made to the Department of San Andr\u00e9s with an outward flight on June 26 and return flight on June 29 of 2020.<\/span><span lang=\"en-US\"><br \/>\n<\/span><\/p>\n<p><span lang=\"en-US\">7.<\/span><span lang=\"en-US\">\u00a0\u00a0\u00a0\u00a0<\/span><span lang=\"en-US\">The most recent flight of the FAC 1216 aircraft was on Tuesday, June 30, 2020, Bogot\u00e1 &#8211; San Andr\u00e9s &#8211; Bogot\u00e1 to transport the security team needed for all the official visits.<\/span><\/p>\n<\/div>\n<\/div>\n<\/div>\n<\/div>\n<\/div>\n<div class=\"_1yuNDaQBDoy0YwHOMGXFkz\"><\/div>\n<\/div>\n<\/div>\n<\/div>\n<\/div>\n<\/div>\n","protected":false},"excerpt":{"rendered":"<p>The Office of the Attorney General informs: 1.\u00a0\u00a0By order of the manufacturer Bombardier (BAS) and in order to guarantee airworthiness conditions, the FAC 1216 aircraft owned by the institution must carry out the preventive maintenance according to the flight hours, which is carried out in a service center in Fort Lauderdale, United States. 2.\u00a0Complying with [&hellip;]<\/p>\n","protected":false},"author":4,"featured_media":0,"comment_status":"open","ping_status":"open","sticky":false,"template":"","format":"standard","meta":{"footnotes":""},"categories":[1],"tags":[],"class_list":{"0":"post-38906","1":"post","2":"type-post","3":"status-publish","4":"format-standard","6":"category-news"},"_links":{"self":[{"href":"https:\/\/www.fiscalia.gov.co\/colombia\/en\/wp-json\/wp\/v2\/posts\/38906"}],"collection":[{"href":"https:\/\/www.fiscalia.gov.co\/colombia\/en\/wp-json\/wp\/v2\/posts"}],"about":[{"href":"https:\/\/www.fiscalia.gov.co\/colombia\/en\/wp-json\/wp\/v2\/types\/post"}],"author":[{"embeddable":true,"href":"https:\/\/www.fiscalia.gov.co\/colombia\/en\/wp-json\/wp\/v2\/users\/4"}],"replies":[{"embeddable":true,"href":"https:\/\/www.fiscalia.gov.co\/colombia\/en\/wp-json\/wp\/v2\/comments?post=38906"}],"version-history":[{"count":1,"href":"https:\/\/www.fiscalia.gov.co\/colombia\/en\/wp-json\/wp\/v2\/posts\/38906\/revisions"}],"predecessor-version":[{"id":38907,"href":"https:\/\/www.fiscalia.gov.co\/colombia\/en\/wp-json\/wp\/v2\/posts\/38906\/revisions\/38907"}],"wp:attachment":[{"href":"https:\/\/www.fiscalia.gov.co\/colombia\/en\/wp-json\/wp\/v2\/media?parent=38906"}],"wp:term":[{"taxonomy":"category","embeddable":true,"href":"https:\/\/www.fiscalia.gov.co\/colombia\/en\/wp-json\/wp\/v2\/categories?post=38906"},{"taxonomy":"post_tag","embeddable":true,"href":"https:\/\/www.fiscalia.gov.co\/colombia\/en\/wp-json\/wp\/v2\/tags?post=38906"}],"curies":[{"name":"wp","href":"https:\/\/api.w.org\/{rel}","templated":true}]}}