{"id":38508,"date":"2020-03-09T11:49:26","date_gmt":"2020-03-09T11:49:26","guid":{"rendered":"https:\/\/www.fiscalia.gov.co\/colombia\/en\/?p=38508"},"modified":"2020-03-20T16:25:40","modified_gmt":"2020-03-20T16:25:40","slug":"in-the-inter-institutional-committee-the-office-of-the-attorney-general-managed-to-obtain-a-donation-in-order-to-build-a-judicial-complex-in-monteria-cordoba","status":"publish","type":"post","link":"https:\/\/www.fiscalia.gov.co\/colombia\/en\/2020\/03\/09\/in-the-inter-institutional-committee-the-office-of-the-attorney-general-managed-to-obtain-a-donation-in-order-to-build-a-judicial-complex-in-monteria-cordoba\/","title":{"rendered":"In the Inter-institutional Committee, the Office of the Attorney General managed to obtain a donation in order to build a Judicial Complex in Monter\u00eda (C\u00f3rdoba)"},"content":{"rendered":"<div class=\"_2le66D_cFAbkq67CrgZcmE\">\n<div class=\"\">\n<div class=\"wide-content-host\">\n<div class=\"B1IVVpQay0rPzznhParFr KcNy0Xfd9-is-_CEp3QOI\" tabindex=\"-1\">\n<div>\n<div class=\"_3U2q6dcdZCrTrR_42Nxby JWNdg1hee9_Rz6bIGvG1c allowTextSelection\">\n<div>\n<div>\n<div dir=\"ltr\">\n<div>\n<p><span lang=\"en-US\">After an arduous and persistent process, the Office of the Attorney General, through the Sectional Office\u00a0\u00a0in C\u00f3rdoba, the Executive Directorate of the Judicial Administration, the Courts, the Sectional Council of the Judiciary of this Department which are part of the interinstitutional committee, and with the support of the magistrates of the Supreme Court of Justice and the Council of State managed to sign a commitment in which the Government C\u00f3rdoba and the Mayor&#8217;s Office of Monter\u00eda will donate a land where the new Complex will be built.<\/span><span lang=\"en-US\">\u00a0<\/span><\/p>\n<p><span lang=\"en-US\">This megaproject aims at centralizing services and providing opportunities to have access to justice. Therefore, a headquarters of the Office of the Attorney General, the Ombudsman and the Palace of Justice will be gathered in the Complex.<\/span><\/p>\n<p><span lang=\"en-US\">The meeting was attended by the Attorney General, Francisco Barbosa Delgado; the Comptroller General, Carlos Felipe C\u00f3rdoba; the magistrate of the Supreme Court of Justice, Jorge Quiroz Alem\u00e1n; the Governor of C\u00f3rdoba, Orlando Benitez Mora; the mayor of Monter\u00eda, Carlos Ordosgoitia; the sectional executive of the Judicial Branch, Alfonso de la Espriella Burgos; and the sectional director of the Prosecutor&#8217;s Office in C\u00f3rdoba, Cindy Tatiana Vargas Tapias; among others.<\/span><\/p>\n<\/div>\n<\/div>\n<\/div>\n<\/div>\n<\/div>\n<div class=\"_1yuNDaQBDoy0YwHOMGXFkz\"><\/div>\n<\/div>\n<div><\/div>\n<\/div>\n<\/div>\n<\/div>\n<\/div>\n<div class=\"_2le66D_cFAbkq67CrgZcmE\">\n<div class=\"\">\n<div class=\"ebEAqI6ObWNy7SHYOElkN\" tabindex=\"-1\">\n<div class=\"SoN4tyGAEQK7tYm3Aeooo allowTextSelection\">\n<div class=\"_3B_WUHgVO8GCll3EmaQM72\">\n<div><\/div>\n<\/div>\n<\/div>\n<\/div>\n<\/div>\n<\/div>\n","protected":false},"excerpt":{"rendered":"<p>After an arduous and persistent process, the Office of the Attorney General, through the Sectional Office\u00a0\u00a0in C\u00f3rdoba, the Executive Directorate of the Judicial Administration, the Courts, the Sectional Council of the Judiciary of this Department which are part of the interinstitutional committee, and with the support of the magistrates of the Supreme Court of Justice [&hellip;]<\/p>\n","protected":false},"author":4,"featured_media":0,"comment_status":"open","ping_status":"open","sticky":false,"template":"","format":"standard","meta":{"footnotes":""},"categories":[10,1],"tags":[],"class_list":{"0":"post-38508","1":"post","2":"type-post","3":"status-publish","4":"format-standard","6":"category-attorney-general","7":"category-news"},"_links":{"self":[{"href":"https:\/\/www.fiscalia.gov.co\/colombia\/en\/wp-json\/wp\/v2\/posts\/38508"}],"collection":[{"href":"https:\/\/www.fiscalia.gov.co\/colombia\/en\/wp-json\/wp\/v2\/posts"}],"about":[{"href":"https:\/\/www.fiscalia.gov.co\/colombia\/en\/wp-json\/wp\/v2\/types\/post"}],"author":[{"embeddable":true,"href":"https:\/\/www.fiscalia.gov.co\/colombia\/en\/wp-json\/wp\/v2\/users\/4"}],"replies":[{"embeddable":true,"href":"https:\/\/www.fiscalia.gov.co\/colombia\/en\/wp-json\/wp\/v2\/comments?post=38508"}],"version-history":[{"count":1,"href":"https:\/\/www.fiscalia.gov.co\/colombia\/en\/wp-json\/wp\/v2\/posts\/38508\/revisions"}],"predecessor-version":[{"id":38510,"href":"https:\/\/www.fiscalia.gov.co\/colombia\/en\/wp-json\/wp\/v2\/posts\/38508\/revisions\/38510"}],"wp:attachment":[{"href":"https:\/\/www.fiscalia.gov.co\/colombia\/en\/wp-json\/wp\/v2\/media?parent=38508"}],"wp:term":[{"taxonomy":"category","embeddable":true,"href":"https:\/\/www.fiscalia.gov.co\/colombia\/en\/wp-json\/wp\/v2\/categories?post=38508"},{"taxonomy":"post_tag","embeddable":true,"href":"https:\/\/www.fiscalia.gov.co\/colombia\/en\/wp-json\/wp\/v2\/tags?post=38508"}],"curies":[{"name":"wp","href":"https:\/\/api.w.org\/{rel}","templated":true}]}}