{"id":38390,"date":"2020-02-29T10:01:44","date_gmt":"2020-02-29T10:01:44","guid":{"rendered":"https:\/\/www.fiscalia.gov.co\/colombia\/en\/?p=38390"},"modified":"2020-03-05T21:33:37","modified_gmt":"2020-03-05T21:33:37","slug":"the-office-of-the-attorney-general-is-so-pleased-with-the-election-of-seven-new-magistrates-of-the-honorable-supreme-court-of-justice","status":"publish","type":"post","link":"https:\/\/www.fiscalia.gov.co\/colombia\/en\/2020\/02\/29\/the-office-of-the-attorney-general-is-so-pleased-with-the-election-of-seven-new-magistrates-of-the-honorable-supreme-court-of-justice\/","title":{"rendered":"The Office of the Attorney General is so pleased with the election of seven new magistrates of the honorable Supreme Court of Justice"},"content":{"rendered":"<p>The Attorney General, Francisco Barbosa Delgado, highlighted the election of new magistrates of the Supreme Court of Justice, as an example for the country.<\/p>\n<p>Likewise, he praised the appointments in the Criminal Chamber of the Court, which will help to strengthen judicial collaboration and deal with challenges of criminal policy in the country.<\/p>\n<p>With the arrival of the new magistrates, a message is sent to Colombian citizens concerning the judicial institutions\u2019 commitment to guarantee that justice is administered in a proper and right way, a purpose which is also shared by the Attorney General.<\/p>\n<p>The arrival of Magistrates Gerson Chaverra Castro, Luis Benedicto Herrera D\u00edaz, Iv\u00e1n Mauricio Lenis G\u00f3mez, Omar \u00c1ngel Mej\u00eda Amador, Fabio Ospitia Garz\u00f3n, Hugo Quintero Bernate and Francisco Jos\u00e9 Ternera Barrios will dynamize the operation of the institution which is pillar of the Social State based on the rule of Law.<\/p>\n","protected":false},"excerpt":{"rendered":"<p>The Attorney General, Francisco Barbosa Delgado, highlighted the election of new magistrates of the Supreme Court of Justice, as an example for the country. Likewise, he praised the appointments in the Criminal Chamber of the Court, which will help to strengthen judicial collaboration and deal with challenges of criminal policy in the country. With the [&hellip;]<\/p>\n","protected":false},"author":4,"featured_media":0,"comment_status":"open","ping_status":"open","sticky":false,"template":"","format":"standard","meta":{"footnotes":""},"categories":[10,1],"tags":[],"class_list":{"0":"post-38390","1":"post","2":"type-post","3":"status-publish","4":"format-standard","6":"category-attorney-general","7":"category-news"},"_links":{"self":[{"href":"https:\/\/www.fiscalia.gov.co\/colombia\/en\/wp-json\/wp\/v2\/posts\/38390"}],"collection":[{"href":"https:\/\/www.fiscalia.gov.co\/colombia\/en\/wp-json\/wp\/v2\/posts"}],"about":[{"href":"https:\/\/www.fiscalia.gov.co\/colombia\/en\/wp-json\/wp\/v2\/types\/post"}],"author":[{"embeddable":true,"href":"https:\/\/www.fiscalia.gov.co\/colombia\/en\/wp-json\/wp\/v2\/users\/4"}],"replies":[{"embeddable":true,"href":"https:\/\/www.fiscalia.gov.co\/colombia\/en\/wp-json\/wp\/v2\/comments?post=38390"}],"version-history":[{"count":1,"href":"https:\/\/www.fiscalia.gov.co\/colombia\/en\/wp-json\/wp\/v2\/posts\/38390\/revisions"}],"predecessor-version":[{"id":38391,"href":"https:\/\/www.fiscalia.gov.co\/colombia\/en\/wp-json\/wp\/v2\/posts\/38390\/revisions\/38391"}],"wp:attachment":[{"href":"https:\/\/www.fiscalia.gov.co\/colombia\/en\/wp-json\/wp\/v2\/media?parent=38390"}],"wp:term":[{"taxonomy":"category","embeddable":true,"href":"https:\/\/www.fiscalia.gov.co\/colombia\/en\/wp-json\/wp\/v2\/categories?post=38390"},{"taxonomy":"post_tag","embeddable":true,"href":"https:\/\/www.fiscalia.gov.co\/colombia\/en\/wp-json\/wp\/v2\/tags?post=38390"}],"curies":[{"name":"wp","href":"https:\/\/api.w.org\/{rel}","templated":true}]}}