{"id":38240,"date":"2019-11-19T10:22:20","date_gmt":"2019-11-19T10:22:20","guid":{"rendered":"https:\/\/www.fiscalia.gov.co\/colombia\/en\/?p=38240"},"modified":"2019-11-21T13:30:25","modified_gmt":"2019-11-21T13:30:25","slug":"soldier-who-would-have-threatened-a-candidate-for-the-government-of-boyaca-was-arrested","status":"publish","type":"post","link":"https:\/\/www.fiscalia.gov.co\/colombia\/en\/2019\/11\/19\/soldier-who-would-have-threatened-a-candidate-for-the-government-of-boyaca-was-arrested\/","title":{"rendered":"Soldier who would have threatened a candidate for the government of Boyac\u00e1 was arrested"},"content":{"rendered":"<p>The Second Municipal Criminal Court in Chiquinquir\u00e1 (Boyac\u00e1) issued a preventive measure with imprisonment against a soldier who would be behind the threats that the candidate for the government of Boyac\u00e1 Jhonat\u00e1n S\u00e1nchez Garavito has suffered.<\/p>\n<p>This is about Nelson William Cort\u00e9s Gordillo, a professional soldier who was arrested in the municipality of Saboy\u00e1 (Boyac\u00e1) after a judge issued an arrest warrant against him.<\/p>\n<p>For these facts, the above mentioned person will be charged by the Office of the Attorney General for threats against human rights defenders and public servants. The defendant did not plead guilty to the charges.<\/p>\n<p>&nbsp;<\/p>\n","protected":false},"excerpt":{"rendered":"<p>The Second Municipal Criminal Court in Chiquinquir\u00e1 (Boyac\u00e1) issued a preventive measure with imprisonment against a soldier who would be behind the threats that the candidate for the government of Boyac\u00e1 Jhonat\u00e1n S\u00e1nchez Garavito has suffered. This is about Nelson William Cort\u00e9s Gordillo, a professional soldier who was arrested in the municipality of Saboy\u00e1 (Boyac\u00e1) [&hellip;]<\/p>\n","protected":false},"author":4,"featured_media":0,"comment_status":"open","ping_status":"open","sticky":false,"template":"","format":"standard","meta":{"footnotes":""},"categories":[1,14],"tags":[],"class_list":{"0":"post-38240","1":"post","2":"type-post","3":"status-publish","4":"format-standard","6":"category-news","7":"category-public-safety"},"_links":{"self":[{"href":"https:\/\/www.fiscalia.gov.co\/colombia\/en\/wp-json\/wp\/v2\/posts\/38240"}],"collection":[{"href":"https:\/\/www.fiscalia.gov.co\/colombia\/en\/wp-json\/wp\/v2\/posts"}],"about":[{"href":"https:\/\/www.fiscalia.gov.co\/colombia\/en\/wp-json\/wp\/v2\/types\/post"}],"author":[{"embeddable":true,"href":"https:\/\/www.fiscalia.gov.co\/colombia\/en\/wp-json\/wp\/v2\/users\/4"}],"replies":[{"embeddable":true,"href":"https:\/\/www.fiscalia.gov.co\/colombia\/en\/wp-json\/wp\/v2\/comments?post=38240"}],"version-history":[{"count":1,"href":"https:\/\/www.fiscalia.gov.co\/colombia\/en\/wp-json\/wp\/v2\/posts\/38240\/revisions"}],"predecessor-version":[{"id":38241,"href":"https:\/\/www.fiscalia.gov.co\/colombia\/en\/wp-json\/wp\/v2\/posts\/38240\/revisions\/38241"}],"wp:attachment":[{"href":"https:\/\/www.fiscalia.gov.co\/colombia\/en\/wp-json\/wp\/v2\/media?parent=38240"}],"wp:term":[{"taxonomy":"category","embeddable":true,"href":"https:\/\/www.fiscalia.gov.co\/colombia\/en\/wp-json\/wp\/v2\/categories?post=38240"},{"taxonomy":"post_tag","embeddable":true,"href":"https:\/\/www.fiscalia.gov.co\/colombia\/en\/wp-json\/wp\/v2\/tags?post=38240"}],"curies":[{"name":"wp","href":"https:\/\/api.w.org\/{rel}","templated":true}]}}