{"id":38099,"date":"2019-07-22T21:07:24","date_gmt":"2019-07-22T21:07:24","guid":{"rendered":"https:\/\/www.fiscalia.gov.co\/colombia\/en\/?p=38099"},"modified":"2019-09-19T21:15:09","modified_gmt":"2019-09-19T21:15:09","slug":"alias-garbanzo-dissident-of-the-36th-farcs-front-convicted-for-murder-of-3-geologists-in-yarumal-antioquia-2","status":"publish","type":"post","link":"https:\/\/www.fiscalia.gov.co\/colombia\/en\/2019\/07\/22\/alias-garbanzo-dissident-of-the-36th-farcs-front-convicted-for-murder-of-3-geologists-in-yarumal-antioquia-2\/","title":{"rendered":"Alias Garbanzo, dissident of the 36th Farc\u00b4s Front, convicted for murder of 3 geologists in Yarumal (Antioquia)"},"content":{"rendered":"<p>After approving an agreement between the Office of the Attorney General and the defendant&#8217;s lawyer, the First Circuit Court of Apartad\u00f3 (Antioquia) sentenced Jhon Neison Sep\u00falveda Posada (28- year-old), alias Garbanzo, to 36 years in prison for 3 aggravated murders, 6 attempted aggravated murders.<\/p>\n<p>With this same decision, a member of the ELN, Yonatan Carvajal Holgu\u00edn (19-year-old), aka Yolo, was sentenced to 30 years in prison.<\/p>\n<p>This investigation is related to an armed attack committed on September 20, 2018 in Ochal\u00ed, a municipality in Yarumal (Antioquia) in which geologists of the Canadian company <em>Continental Gold<\/em>, Laura Alejandra Fl\u00f3rez Aguirre, Henry Mauricio Mart\u00ednez G\u00f3mez and Camilo Andr\u00e9s Tirado Farak died. Other 6 co-workers got injured.<\/p>\n<p>&nbsp;<\/p>\n","protected":false},"excerpt":{"rendered":"<p>After approving an agreement between the Office of the Attorney General and the defendant&#8217;s lawyer, the First Circuit Court of Apartad\u00f3 (Antioquia) sentenced Jhon Neison Sep\u00falveda Posada (28- year-old), alias Garbanzo, to 36 years in prison for 3 aggravated murders, 6 attempted aggravated murders. With this same decision, a member of the ELN, Yonatan Carvajal [&hellip;]<\/p>\n","protected":false},"author":2,"featured_media":0,"comment_status":"open","ping_status":"open","sticky":false,"template":"","format":"standard","meta":{"footnotes":""},"categories":[10],"tags":[],"class_list":{"0":"post-38099","1":"post","2":"type-post","3":"status-publish","4":"format-standard","6":"category-attorney-general"},"_links":{"self":[{"href":"https:\/\/www.fiscalia.gov.co\/colombia\/en\/wp-json\/wp\/v2\/posts\/38099"}],"collection":[{"href":"https:\/\/www.fiscalia.gov.co\/colombia\/en\/wp-json\/wp\/v2\/posts"}],"about":[{"href":"https:\/\/www.fiscalia.gov.co\/colombia\/en\/wp-json\/wp\/v2\/types\/post"}],"author":[{"embeddable":true,"href":"https:\/\/www.fiscalia.gov.co\/colombia\/en\/wp-json\/wp\/v2\/users\/2"}],"replies":[{"embeddable":true,"href":"https:\/\/www.fiscalia.gov.co\/colombia\/en\/wp-json\/wp\/v2\/comments?post=38099"}],"version-history":[{"count":1,"href":"https:\/\/www.fiscalia.gov.co\/colombia\/en\/wp-json\/wp\/v2\/posts\/38099\/revisions"}],"predecessor-version":[{"id":38100,"href":"https:\/\/www.fiscalia.gov.co\/colombia\/en\/wp-json\/wp\/v2\/posts\/38099\/revisions\/38100"}],"wp:attachment":[{"href":"https:\/\/www.fiscalia.gov.co\/colombia\/en\/wp-json\/wp\/v2\/media?parent=38099"}],"wp:term":[{"taxonomy":"category","embeddable":true,"href":"https:\/\/www.fiscalia.gov.co\/colombia\/en\/wp-json\/wp\/v2\/categories?post=38099"},{"taxonomy":"post_tag","embeddable":true,"href":"https:\/\/www.fiscalia.gov.co\/colombia\/en\/wp-json\/wp\/v2\/tags?post=38099"}],"curies":[{"name":"wp","href":"https:\/\/api.w.org\/{rel}","templated":true}]}}