{"id":37642,"date":"2019-01-23T11:29:00","date_gmt":"2019-01-23T11:29:00","guid":{"rendered":"https:\/\/www.fiscalia.gov.co\/colombia\/en\/?p=37642"},"modified":"2019-02-04T20:54:38","modified_gmt":"2019-02-04T20:54:38","slug":"the-office-of-the-attorney-general-will-bring-charges-due-to-resale-of-tickets-for-soccer-games-of-colombia-for-the-world-cup","status":"publish","type":"post","link":"https:\/\/www.fiscalia.gov.co\/colombia\/en\/2019\/01\/23\/the-office-of-the-attorney-general-will-bring-charges-due-to-resale-of-tickets-for-soccer-games-of-colombia-for-the-world-cup\/","title":{"rendered":"The Office of the Attorney General will bring charges due to resale of tickets for soccer games of Colombia for the World Cup"},"content":{"rendered":"<p><em><u>C\u00e9sar Ronaldo Carre\u00f1o Casta\u00f1eda, legal representative of Ticket Shop, and Iv\u00e1n Dar\u00edo Arce Guti\u00e9rrez, financial manager of the same company will face three charges for the alleged commission of crimes. <\/u><\/em><\/p>\n<p>The Office of the Attorney General, within its commitment to investigate the facts of corruption, offers a special investigation line aimed at verifying alleged irregularities in the sale of tickets for the soccer games of Colombia\u00b4s team selection in the last World Cup in Russia 2018.<\/p>\n","protected":false},"excerpt":{"rendered":"<p>C\u00e9sar Ronaldo Carre\u00f1o Casta\u00f1eda, legal representative of Ticket Shop, and Iv\u00e1n Dar\u00edo Arce Guti\u00e9rrez, financial manager of the same company will face three charges for the alleged commission of crimes. The Office of the Attorney General, within its commitment to investigate the facts of corruption, offers a special investigation line aimed at verifying alleged irregularities [&hellip;]<\/p>\n","protected":false},"author":4,"featured_media":0,"comment_status":"open","ping_status":"open","sticky":false,"template":"","format":"standard","meta":{"footnotes":""},"categories":[1],"tags":[],"class_list":{"0":"post-37642","1":"post","2":"type-post","3":"status-publish","4":"format-standard","6":"category-news"},"_links":{"self":[{"href":"https:\/\/www.fiscalia.gov.co\/colombia\/en\/wp-json\/wp\/v2\/posts\/37642"}],"collection":[{"href":"https:\/\/www.fiscalia.gov.co\/colombia\/en\/wp-json\/wp\/v2\/posts"}],"about":[{"href":"https:\/\/www.fiscalia.gov.co\/colombia\/en\/wp-json\/wp\/v2\/types\/post"}],"author":[{"embeddable":true,"href":"https:\/\/www.fiscalia.gov.co\/colombia\/en\/wp-json\/wp\/v2\/users\/4"}],"replies":[{"embeddable":true,"href":"https:\/\/www.fiscalia.gov.co\/colombia\/en\/wp-json\/wp\/v2\/comments?post=37642"}],"version-history":[{"count":1,"href":"https:\/\/www.fiscalia.gov.co\/colombia\/en\/wp-json\/wp\/v2\/posts\/37642\/revisions"}],"predecessor-version":[{"id":37643,"href":"https:\/\/www.fiscalia.gov.co\/colombia\/en\/wp-json\/wp\/v2\/posts\/37642\/revisions\/37643"}],"wp:attachment":[{"href":"https:\/\/www.fiscalia.gov.co\/colombia\/en\/wp-json\/wp\/v2\/media?parent=37642"}],"wp:term":[{"taxonomy":"category","embeddable":true,"href":"https:\/\/www.fiscalia.gov.co\/colombia\/en\/wp-json\/wp\/v2\/categories?post=37642"},{"taxonomy":"post_tag","embeddable":true,"href":"https:\/\/www.fiscalia.gov.co\/colombia\/en\/wp-json\/wp\/v2\/tags?post=37642"}],"curies":[{"name":"wp","href":"https:\/\/api.w.org\/{rel}","templated":true}]}}