{"id":37490,"date":"2018-11-08T15:00:24","date_gmt":"2018-11-08T15:00:24","guid":{"rendered":"https:\/\/www.fiscalia.gov.co\/colombia\/en\/?p=37490"},"modified":"2018-12-03T21:04:36","modified_gmt":"2018-12-03T21:04:36","slug":"secretary-of-government-in-ramiriqui-boyaca-and-other-eight-people-were-arrested-due-to-registration-of-vehicles-of-illegal-origin","status":"publish","type":"post","link":"https:\/\/www.fiscalia.gov.co\/colombia\/en\/2018\/11\/08\/secretary-of-government-in-ramiriqui-boyaca-and-other-eight-people-were-arrested-due-to-registration-of-vehicles-of-illegal-origin\/","title":{"rendered":"Secretary of Government in Ramiriqu\u00ed (Boyac\u00e1) and other eight people were arrested due to Registration of Vehicles of Illegal Origin"},"content":{"rendered":"<p><em><u>During 2015 and 2017, at least 34 vehicles were commercialized at 30\u2019000.000 COP each.03<\/u><\/em><\/p>\n<p>The Office of the Attorney General and National Police arrested nine people who allegedly registered vehicles despite the fact that their origin was illegal.<\/p>\n<p>Among the people arrested was the current government secretary in Ramiriqu\u00ed (Boyac\u00e1), Carlos Fabi\u00e1n Ruiz Pulido, who apparently took advantage of the knowledge and contacts he acquired while serving as an employee in the Transit Secretariat of the same municipality in order to commit crimes.<\/p>\n<p>Their arrest will be legalized before a guarantee judge (control de garant\u00edas)\u00a0 in Tunja who will charge them with criminal conspiracy and money laundering.<\/p>\n","protected":false},"excerpt":{"rendered":"<p>During 2015 and 2017, at least 34 vehicles were commercialized at 30\u2019000.000 COP each.03 The Office of the Attorney General and National Police arrested nine people who allegedly registered vehicles despite the fact that their origin was illegal. Among the people arrested was the current government secretary in Ramiriqu\u00ed (Boyac\u00e1), Carlos Fabi\u00e1n Ruiz Pulido, who [&hellip;]<\/p>\n","protected":false},"author":4,"featured_media":0,"comment_status":"open","ping_status":"open","sticky":false,"template":"","format":"standard","meta":{"footnotes":""},"categories":[6],"tags":[],"class_list":{"0":"post-37490","1":"post","2":"type-post","3":"status-publish","4":"format-standard","6":"category-bolsillos-de-cristal"},"_links":{"self":[{"href":"https:\/\/www.fiscalia.gov.co\/colombia\/en\/wp-json\/wp\/v2\/posts\/37490"}],"collection":[{"href":"https:\/\/www.fiscalia.gov.co\/colombia\/en\/wp-json\/wp\/v2\/posts"}],"about":[{"href":"https:\/\/www.fiscalia.gov.co\/colombia\/en\/wp-json\/wp\/v2\/types\/post"}],"author":[{"embeddable":true,"href":"https:\/\/www.fiscalia.gov.co\/colombia\/en\/wp-json\/wp\/v2\/users\/4"}],"replies":[{"embeddable":true,"href":"https:\/\/www.fiscalia.gov.co\/colombia\/en\/wp-json\/wp\/v2\/comments?post=37490"}],"version-history":[{"count":1,"href":"https:\/\/www.fiscalia.gov.co\/colombia\/en\/wp-json\/wp\/v2\/posts\/37490\/revisions"}],"predecessor-version":[{"id":37491,"href":"https:\/\/www.fiscalia.gov.co\/colombia\/en\/wp-json\/wp\/v2\/posts\/37490\/revisions\/37491"}],"wp:attachment":[{"href":"https:\/\/www.fiscalia.gov.co\/colombia\/en\/wp-json\/wp\/v2\/media?parent=37490"}],"wp:term":[{"taxonomy":"category","embeddable":true,"href":"https:\/\/www.fiscalia.gov.co\/colombia\/en\/wp-json\/wp\/v2\/categories?post=37490"},{"taxonomy":"post_tag","embeddable":true,"href":"https:\/\/www.fiscalia.gov.co\/colombia\/en\/wp-json\/wp\/v2\/tags?post=37490"}],"curies":[{"name":"wp","href":"https:\/\/api.w.org\/{rel}","templated":true}]}}