{"id":37245,"date":"2017-10-27T10:56:02","date_gmt":"2017-10-27T10:56:02","guid":{"rendered":"https:\/\/www.fiscalia.gov.co\/colombia\/en\/?p=37245"},"modified":"2018-05-28T23:56:49","modified_gmt":"2018-05-28T23:56:49","slug":"two-venezuelan-citizens-and-two-colombian-citizens-were-sent-to-prison-for-transporting-more-than-21-kilos-of-drugs-to-san-andres-isles","status":"publish","type":"post","link":"https:\/\/www.fiscalia.gov.co\/colombia\/en\/2017\/10\/27\/two-venezuelan-citizens-and-two-colombian-citizens-were-sent-to-prison-for-transporting-more-than-21-kilos-of-drugs-to-san-andres-isles\/","title":{"rendered":"Two Venezuelan citizens and two Colombian citizens were sent to prison for transporting more than 21 kilos of drugs to San Andres Isles"},"content":{"rendered":"<p>The 42nd Criminal Court in Bogot\u00e1 (Guarantee Court) issued a preventive detention order with imprisonment for two Venezuelan citizens and two Colombian citizens who expected to travel to San Andres Isles in possession of 13 kilos of marihuana and 8 kilos of cocaine in their hand baggage.<\/p>\n<p>The Office of the Attorney General (Office against Money Laundering) charged them with aggravated manufacturing, trafficking and drug possession as coauthors.<\/p>\n<p>Among the arrested people were Mar\u00eda Jes\u00fas Le\u00f3n Villafa\u00f1e, Jeison Gregory M\u00e9ndez,\u00a0Mar\u00eda del Carmen Casierra and John Fredy Medina Chaparro. The two last people were Venezuelan citizens .<\/p>\n","protected":false},"excerpt":{"rendered":"<p>The 42nd Criminal Court in Bogot\u00e1 (Guarantee Court) issued a preventive detention order with imprisonment for two Venezuelan citizens and two Colombian citizens who expected to travel to San Andres Isles in possession of 13 kilos of marihuana and 8 kilos of cocaine in their hand baggage. The Office of the Attorney General (Office against [&hellip;]<\/p>\n","protected":false},"author":3,"featured_media":0,"comment_status":"open","ping_status":"open","sticky":false,"template":"","format":"standard","meta":{"footnotes":""},"categories":[15],"tags":[],"class_list":{"0":"post-37245","1":"post","2":"type-post","3":"status-publish","4":"format-standard","6":"category-drug-trafficking"},"_links":{"self":[{"href":"https:\/\/www.fiscalia.gov.co\/colombia\/en\/wp-json\/wp\/v2\/posts\/37245"}],"collection":[{"href":"https:\/\/www.fiscalia.gov.co\/colombia\/en\/wp-json\/wp\/v2\/posts"}],"about":[{"href":"https:\/\/www.fiscalia.gov.co\/colombia\/en\/wp-json\/wp\/v2\/types\/post"}],"author":[{"embeddable":true,"href":"https:\/\/www.fiscalia.gov.co\/colombia\/en\/wp-json\/wp\/v2\/users\/3"}],"replies":[{"embeddable":true,"href":"https:\/\/www.fiscalia.gov.co\/colombia\/en\/wp-json\/wp\/v2\/comments?post=37245"}],"version-history":[{"count":1,"href":"https:\/\/www.fiscalia.gov.co\/colombia\/en\/wp-json\/wp\/v2\/posts\/37245\/revisions"}],"predecessor-version":[{"id":37246,"href":"https:\/\/www.fiscalia.gov.co\/colombia\/en\/wp-json\/wp\/v2\/posts\/37245\/revisions\/37246"}],"wp:attachment":[{"href":"https:\/\/www.fiscalia.gov.co\/colombia\/en\/wp-json\/wp\/v2\/media?parent=37245"}],"wp:term":[{"taxonomy":"category","embeddable":true,"href":"https:\/\/www.fiscalia.gov.co\/colombia\/en\/wp-json\/wp\/v2\/categories?post=37245"},{"taxonomy":"post_tag","embeddable":true,"href":"https:\/\/www.fiscalia.gov.co\/colombia\/en\/wp-json\/wp\/v2\/tags?post=37245"}],"curies":[{"name":"wp","href":"https:\/\/api.w.org\/{rel}","templated":true}]}}