{"id":34528,"date":"2014-10-20T15:18:14","date_gmt":"2014-10-20T20:18:14","guid":{"rendered":"https:\/\/www.fiscalia.gov.co\/colombia\/en\/?p=34528"},"modified":"2015-01-26T15:28:40","modified_gmt":"2015-01-26T20:28:40","slug":"office-of-the-attorney-general-brought-charges-against-alias-karina-and-alias-martin-sombra","status":"publish","type":"post","link":"https:\/\/www.fiscalia.gov.co\/colombia\/en\/2014\/10\/20\/office-of-the-attorney-general-brought-charges-against-alias-karina-and-alias-martin-sombra\/","title":{"rendered":"Office of the Attorney General brought charges against alias Karina and alias Martin Sombra"},"content":{"rendered":"<p>A hearing against Elda Neyis Mosquera Garc\u00eda, alias Karina; Ely Mej\u00eda Mendoza, alias Mart\u00edn Sombra and 131 \u201cpostulados\u201d<sub>1 <\/sub>who belonged to FARC Armed Group moves forward. Charges will be brought and a preventive detention order will be issued at this hearing.<\/p>\n<p>&nbsp;<\/p>\n<p>1.Postulado: demobilized member of illegal armed groups who postulated to obtain a benefit from the Justice and Peace Law.<\/p>\n","protected":false},"excerpt":{"rendered":"<p>A hearing against Elda Neyis Mosquera Garc\u00eda, alias Karina; Ely Mej\u00eda Mendoza, alias Mart\u00edn Sombra and 131 \u201cpostulados\u201d1 who belonged to FARC Armed Group moves forward. Charges will be brought and a preventive detention order will be issued at this hearing. &nbsp; 1.Postulado: demobilized member of illegal armed groups who postulated to obtain a benefit [&hellip;]<\/p>\n","protected":false},"author":1,"featured_media":0,"comment_status":"closed","ping_status":"open","sticky":false,"template":"","format":"standard","meta":{"footnotes":""},"categories":[],"tags":[],"class_list":["post-34528","post","type-post","status-publish","format-standard"],"_links":{"self":[{"href":"https:\/\/www.fiscalia.gov.co\/colombia\/en\/wp-json\/wp\/v2\/posts\/34528"}],"collection":[{"href":"https:\/\/www.fiscalia.gov.co\/colombia\/en\/wp-json\/wp\/v2\/posts"}],"about":[{"href":"https:\/\/www.fiscalia.gov.co\/colombia\/en\/wp-json\/wp\/v2\/types\/post"}],"author":[{"embeddable":true,"href":"https:\/\/www.fiscalia.gov.co\/colombia\/en\/wp-json\/wp\/v2\/users\/1"}],"replies":[{"embeddable":true,"href":"https:\/\/www.fiscalia.gov.co\/colombia\/en\/wp-json\/wp\/v2\/comments?post=34528"}],"version-history":[{"count":1,"href":"https:\/\/www.fiscalia.gov.co\/colombia\/en\/wp-json\/wp\/v2\/posts\/34528\/revisions"}],"predecessor-version":[{"id":34529,"href":"https:\/\/www.fiscalia.gov.co\/colombia\/en\/wp-json\/wp\/v2\/posts\/34528\/revisions\/34529"}],"wp:attachment":[{"href":"https:\/\/www.fiscalia.gov.co\/colombia\/en\/wp-json\/wp\/v2\/media?parent=34528"}],"wp:term":[{"taxonomy":"category","embeddable":true,"href":"https:\/\/www.fiscalia.gov.co\/colombia\/en\/wp-json\/wp\/v2\/categories?post=34528"},{"taxonomy":"post_tag","embeddable":true,"href":"https:\/\/www.fiscalia.gov.co\/colombia\/en\/wp-json\/wp\/v2\/tags?post=34528"}],"curies":[{"name":"wp","href":"https:\/\/api.w.org\/{rel}","templated":true}]}}