{"id":34518,"date":"2014-10-21T15:41:40","date_gmt":"2014-10-21T20:41:40","guid":{"rendered":"https:\/\/www.fiscalia.gov.co\/colombia\/en\/?p=34518"},"modified":"2015-01-26T15:10:31","modified_gmt":"2015-01-26T20:10:31","slug":"transitional-justice-hearings","status":"publish","type":"post","link":"https:\/\/www.fiscalia.gov.co\/colombia\/en\/2014\/10\/21\/transitional-justice-hearings\/","title":{"rendered":"Transitional Justice Hearings"},"content":{"rendered":"<p>Today, the hearing (in Spanish Audiencia de Incidente de Reparaci\u00f3n Integral)<sub>1<\/sub> concerning Rodrigo P\u00e9rez Alzate, a postulado<sub>2<\/sub> from AUC Central Bol\u00edvar Bloc will end at the Justice and Peace Chambers.<\/p>\n<p>Furthermore, the Transitional Justice Directorate will bring charges and make effective the preventive detention order against Jos\u00e9 Baldomero Linares Moreno, Rafael Salgado Merch\u00e1n, Miguel \u00c1ngel Achuri Pe\u00f1uela and Jos\u00e9 Delf\u00edn Villalobos Jim\u00e9nez, demovilized members from the self-defenses in Colombia<\/p>\n<p>&nbsp;<\/p>\n<p>1. Audiencia de Incidente de Reparaci\u00f3n Integral: It refers to a mechanism through which the Colombian Criminal Law\u00a0 grants victims of criminal conducts\u00a0 the right to be compensated.<\/p>\n<p>2. Postulado: demobilized members of illegal armed groups who postulated to obtain a benefit from the Justice and Peace Law.<\/p>\n","protected":false},"excerpt":{"rendered":"<p>Today, the hearing (in Spanish Audiencia de Incidente de Reparaci\u00f3n Integral)1 concerning Rodrigo P\u00e9rez Alzate, a postulado2 from AUC Central Bol\u00edvar Bloc will end at the Justice and Peace Chambers. Furthermore, the Transitional Justice Directorate will bring charges and make effective the preventive detention order against Jos\u00e9 Baldomero Linares Moreno, Rafael Salgado Merch\u00e1n, Miguel \u00c1ngel [&hellip;]<\/p>\n","protected":false},"author":1,"featured_media":0,"comment_status":"closed","ping_status":"open","sticky":false,"template":"","format":"standard","meta":{"footnotes":""},"categories":[],"tags":[],"class_list":["post-34518","post","type-post","status-publish","format-standard"],"_links":{"self":[{"href":"https:\/\/www.fiscalia.gov.co\/colombia\/en\/wp-json\/wp\/v2\/posts\/34518"}],"collection":[{"href":"https:\/\/www.fiscalia.gov.co\/colombia\/en\/wp-json\/wp\/v2\/posts"}],"about":[{"href":"https:\/\/www.fiscalia.gov.co\/colombia\/en\/wp-json\/wp\/v2\/types\/post"}],"author":[{"embeddable":true,"href":"https:\/\/www.fiscalia.gov.co\/colombia\/en\/wp-json\/wp\/v2\/users\/1"}],"replies":[{"embeddable":true,"href":"https:\/\/www.fiscalia.gov.co\/colombia\/en\/wp-json\/wp\/v2\/comments?post=34518"}],"version-history":[{"count":1,"href":"https:\/\/www.fiscalia.gov.co\/colombia\/en\/wp-json\/wp\/v2\/posts\/34518\/revisions"}],"predecessor-version":[{"id":34519,"href":"https:\/\/www.fiscalia.gov.co\/colombia\/en\/wp-json\/wp\/v2\/posts\/34518\/revisions\/34519"}],"wp:attachment":[{"href":"https:\/\/www.fiscalia.gov.co\/colombia\/en\/wp-json\/wp\/v2\/media?parent=34518"}],"wp:term":[{"taxonomy":"category","embeddable":true,"href":"https:\/\/www.fiscalia.gov.co\/colombia\/en\/wp-json\/wp\/v2\/categories?post=34518"},{"taxonomy":"post_tag","embeddable":true,"href":"https:\/\/www.fiscalia.gov.co\/colombia\/en\/wp-json\/wp\/v2\/tags?post=34518"}],"curies":[{"name":"wp","href":"https:\/\/api.w.org\/{rel}","templated":true}]}}