{"id":34497,"date":"2014-10-17T14:19:16","date_gmt":"2014-10-17T19:19:16","guid":{"rendered":"https:\/\/www.fiscalia.gov.co\/colombia\/en\/?p=34497"},"modified":"2015-01-20T09:59:25","modified_gmt":"2015-01-20T14:59:25","slug":"a-person-was-sentenced-to-21-years-in-prison-for-a-murder-committed-in-los-patios-norte-de-santander","status":"publish","type":"post","link":"https:\/\/www.fiscalia.gov.co\/colombia\/en\/2014\/10\/17\/a-person-was-sentenced-to-21-years-in-prison-for-a-murder-committed-in-los-patios-norte-de-santander\/","title":{"rendered":"A person was sentenced to 21 years in prison for a murder committed in Los Patios (Norte de Santander)"},"content":{"rendered":"<p>After the court approved the plea bargain between the defendant\u2019s attorney and the prosecutor, a judge hearing the case \u201cjuez de conocimiento\u201d in C\u00facuta sentenced V\u00edctor Nelson Mora R\u00edos to 21 years in prison for being the alleged responsible for the murder of Jonathan C\u00e1rdenas Aponte which occurred last october 9<sup>th<\/sup>, 2013 in the municipality Los Patios (Norte de Santander).<\/p>\n<p>The murderer entered the beauty salon owned by the 26 years old victim who was accompanied by a relative and shot at Cardenas Aponte. A witness who was accompanying the young man leaped on the aggressor who did not manage to escape from the place of facts.<\/p>\n","protected":false},"excerpt":{"rendered":"<p>After the court approved the plea bargain between the defendant\u2019s attorney and the prosecutor, a judge hearing the case \u201cjuez de conocimiento\u201d in C\u00facuta sentenced V\u00edctor Nelson Mora R\u00edos to 21 years in prison for being the alleged responsible for the murder of Jonathan C\u00e1rdenas Aponte which occurred last october 9th, 2013 in the municipality [&hellip;]<\/p>\n","protected":false},"author":1,"featured_media":0,"comment_status":"closed","ping_status":"open","sticky":false,"template":"","format":"standard","meta":{"footnotes":""},"categories":[],"tags":[],"class_list":["post-34497","post","type-post","status-publish","format-standard"],"_links":{"self":[{"href":"https:\/\/www.fiscalia.gov.co\/colombia\/en\/wp-json\/wp\/v2\/posts\/34497"}],"collection":[{"href":"https:\/\/www.fiscalia.gov.co\/colombia\/en\/wp-json\/wp\/v2\/posts"}],"about":[{"href":"https:\/\/www.fiscalia.gov.co\/colombia\/en\/wp-json\/wp\/v2\/types\/post"}],"author":[{"embeddable":true,"href":"https:\/\/www.fiscalia.gov.co\/colombia\/en\/wp-json\/wp\/v2\/users\/1"}],"replies":[{"embeddable":true,"href":"https:\/\/www.fiscalia.gov.co\/colombia\/en\/wp-json\/wp\/v2\/comments?post=34497"}],"version-history":[{"count":1,"href":"https:\/\/www.fiscalia.gov.co\/colombia\/en\/wp-json\/wp\/v2\/posts\/34497\/revisions"}],"predecessor-version":[{"id":34498,"href":"https:\/\/www.fiscalia.gov.co\/colombia\/en\/wp-json\/wp\/v2\/posts\/34497\/revisions\/34498"}],"wp:attachment":[{"href":"https:\/\/www.fiscalia.gov.co\/colombia\/en\/wp-json\/wp\/v2\/media?parent=34497"}],"wp:term":[{"taxonomy":"category","embeddable":true,"href":"https:\/\/www.fiscalia.gov.co\/colombia\/en\/wp-json\/wp\/v2\/categories?post=34497"},{"taxonomy":"post_tag","embeddable":true,"href":"https:\/\/www.fiscalia.gov.co\/colombia\/en\/wp-json\/wp\/v2\/tags?post=34497"}],"curies":[{"name":"wp","href":"https:\/\/api.w.org\/{rel}","templated":true}]}}