{"id":34487,"date":"2014-10-15T16:13:37","date_gmt":"2014-10-15T21:13:37","guid":{"rendered":"https:\/\/www.fiscalia.gov.co\/colombia\/en\/?p=34487"},"modified":"2014-12-26T15:28:13","modified_gmt":"2014-12-26T20:28:13","slug":"demovilized-people-from-tolima-bloc-were-charged-with-418-facts","status":"publish","type":"post","link":"https:\/\/www.fiscalia.gov.co\/colombia\/en\/2014\/10\/15\/demovilized-people-from-tolima-bloc-were-charged-with-418-facts\/","title":{"rendered":"Demovilized people from Tolima Bloc were charged with 418 facts"},"content":{"rendered":"<p>A hearing will take place at the Justice and Peace Chambers until October 17<sup>th<\/sup> in order to attribute charges and issue preventive detention orders against Atanael Matajud\u00edos, Norbey Ort\u00edz Berm\u00fadez, Humberto Mendoza Castillo and Oscar Oviedo Rodr\u00edguez from AUC Tolima Bloc.<\/p>\n<p>This hearing will be carried out for the 418 incidents recorded in the Transitional Justice Directorate from the Office of the Attorney General. This priority hearing*\u00a0 will be transmitted to El Espinal (Tolima) and Complejo Metropolitano de Bogot\u00e1 (Mebog) prisons through a videoconference.<\/p>\n<p>&nbsp;<\/p>\n<p>*<em>In spanish Audiencias de Priorizaci\u00f3n: prioritization is a technique in a criminal investigation that allows to establish, according to a criteria, an order to handle cases and assure under the same material conditions, to have access to the fundamental right of administration of justice. \u00a0<\/em><\/p>\n","protected":false},"excerpt":{"rendered":"<p>A hearing will take place at the Justice and Peace Chambers until October 17th in order to attribute charges and issue preventive detention orders against Atanael Matajud\u00edos, Norbey Ort\u00edz Berm\u00fadez, Humberto Mendoza Castillo and Oscar Oviedo Rodr\u00edguez from AUC Tolima Bloc. This hearing will be carried out for the 418 incidents recorded in the Transitional [&hellip;]<\/p>\n","protected":false},"author":1,"featured_media":0,"comment_status":"closed","ping_status":"open","sticky":false,"template":"","format":"standard","meta":{"footnotes":""},"categories":[],"tags":[],"class_list":["post-34487","post","type-post","status-publish","format-standard"],"_links":{"self":[{"href":"https:\/\/www.fiscalia.gov.co\/colombia\/en\/wp-json\/wp\/v2\/posts\/34487"}],"collection":[{"href":"https:\/\/www.fiscalia.gov.co\/colombia\/en\/wp-json\/wp\/v2\/posts"}],"about":[{"href":"https:\/\/www.fiscalia.gov.co\/colombia\/en\/wp-json\/wp\/v2\/types\/post"}],"author":[{"embeddable":true,"href":"https:\/\/www.fiscalia.gov.co\/colombia\/en\/wp-json\/wp\/v2\/users\/1"}],"replies":[{"embeddable":true,"href":"https:\/\/www.fiscalia.gov.co\/colombia\/en\/wp-json\/wp\/v2\/comments?post=34487"}],"version-history":[{"count":1,"href":"https:\/\/www.fiscalia.gov.co\/colombia\/en\/wp-json\/wp\/v2\/posts\/34487\/revisions"}],"predecessor-version":[{"id":34488,"href":"https:\/\/www.fiscalia.gov.co\/colombia\/en\/wp-json\/wp\/v2\/posts\/34487\/revisions\/34488"}],"wp:attachment":[{"href":"https:\/\/www.fiscalia.gov.co\/colombia\/en\/wp-json\/wp\/v2\/media?parent=34487"}],"wp:term":[{"taxonomy":"category","embeddable":true,"href":"https:\/\/www.fiscalia.gov.co\/colombia\/en\/wp-json\/wp\/v2\/categories?post=34487"},{"taxonomy":"post_tag","embeddable":true,"href":"https:\/\/www.fiscalia.gov.co\/colombia\/en\/wp-json\/wp\/v2\/tags?post=34487"}],"curies":[{"name":"wp","href":"https:\/\/api.w.org\/{rel}","templated":true}]}}