{"id":34317,"date":"2014-09-22T16:49:46","date_gmt":"2014-09-22T21:49:46","guid":{"rendered":"https:\/\/www.fiscalia.gov.co\/colombia\/en\/?p=34317"},"modified":"2014-11-10T15:20:00","modified_gmt":"2014-11-10T20:20:00","slug":"priority-hearing-concerning-alias-martin-sombra","status":"publish","type":"post","link":"https:\/\/www.fiscalia.gov.co\/colombia\/en\/2014\/09\/22\/priority-hearing-concerning-alias-martin-sombra\/","title":{"rendered":"Priority Hearing* concerning alias Mart\u00edn Sombra"},"content":{"rendered":"<p>A hearing to adopt precautionary measures concerning two properties belonging to the FARC members Ely Mej\u00eda Mendoza, alias Mart\u00edn Sombra and\u00a0 Hernando Buitrago Marta,\u00a0 will continue.<\/p>\n<p>The Attorney General\u00b4s Office investigates alias Mart\u00edn Sombra, Security Head of Manuel Marulanda V\u00e9lez armed column and commander of the 43 Front, for 12 relevant cases, disappearance, forced displacement and kidnapping that caused approximately 83 victims.<\/p>\n<p>The hearing will take place at the Justice and Peace chambers in Bogot\u00e1 and will be transmitted to Chiquinquir\u00e1 and Complejo Metropolitano de Bogot\u00e1 (Comeb) prisons through a videoconference.<\/p>\n<p>*<em>In spanish Audiencias de Priorizaci\u00f3n: prioritization is a technique in a criminal investigation that allows to establish, according to a criteria, an order to handle cases and assure under the same material conditions, to have access to the fundamental right of administration of justice.\u00a0<\/em><\/p>\n<p>&nbsp;<\/p>\n","protected":false},"excerpt":{"rendered":"<p>A hearing to adopt precautionary measures concerning two properties belonging to the FARC members Ely Mej\u00eda Mendoza, alias Mart\u00edn Sombra and\u00a0 Hernando Buitrago Marta,\u00a0 will continue. The Attorney General\u00b4s Office investigates alias Mart\u00edn Sombra, Security Head of Manuel Marulanda V\u00e9lez armed column and commander of the 43 Front, for 12 relevant cases, disappearance, forced displacement [&hellip;]<\/p>\n","protected":false},"author":1,"featured_media":0,"comment_status":"closed","ping_status":"open","sticky":false,"template":"","format":"standard","meta":{"footnotes":""},"categories":[],"tags":[],"class_list":["post-34317","post","type-post","status-publish","format-standard"],"_links":{"self":[{"href":"https:\/\/www.fiscalia.gov.co\/colombia\/en\/wp-json\/wp\/v2\/posts\/34317"}],"collection":[{"href":"https:\/\/www.fiscalia.gov.co\/colombia\/en\/wp-json\/wp\/v2\/posts"}],"about":[{"href":"https:\/\/www.fiscalia.gov.co\/colombia\/en\/wp-json\/wp\/v2\/types\/post"}],"author":[{"embeddable":true,"href":"https:\/\/www.fiscalia.gov.co\/colombia\/en\/wp-json\/wp\/v2\/users\/1"}],"replies":[{"embeddable":true,"href":"https:\/\/www.fiscalia.gov.co\/colombia\/en\/wp-json\/wp\/v2\/comments?post=34317"}],"version-history":[{"count":1,"href":"https:\/\/www.fiscalia.gov.co\/colombia\/en\/wp-json\/wp\/v2\/posts\/34317\/revisions"}],"predecessor-version":[{"id":34318,"href":"https:\/\/www.fiscalia.gov.co\/colombia\/en\/wp-json\/wp\/v2\/posts\/34317\/revisions\/34318"}],"wp:attachment":[{"href":"https:\/\/www.fiscalia.gov.co\/colombia\/en\/wp-json\/wp\/v2\/media?parent=34317"}],"wp:term":[{"taxonomy":"category","embeddable":true,"href":"https:\/\/www.fiscalia.gov.co\/colombia\/en\/wp-json\/wp\/v2\/categories?post=34317"},{"taxonomy":"post_tag","embeddable":true,"href":"https:\/\/www.fiscalia.gov.co\/colombia\/en\/wp-json\/wp\/v2\/tags?post=34317"}],"curies":[{"name":"wp","href":"https:\/\/api.w.org\/{rel}","templated":true}]}}