{"id":34253,"date":"2014-09-19T14:19:46","date_gmt":"2014-09-19T19:19:46","guid":{"rendered":"https:\/\/www.fiscalia.gov.co\/colombia\/en\/?p=34253"},"modified":"2014-11-04T09:15:56","modified_gmt":"2014-11-04T14:15:56","slug":"preventive-detention-orders-against-six-people-who-attacked-the-water-conduit-in-ariari-were-requested","status":"publish","type":"post","link":"https:\/\/www.fiscalia.gov.co\/colombia\/en\/2014\/09\/19\/preventive-detention-orders-against-six-people-who-attacked-the-water-conduit-in-ariari-were-requested\/","title":{"rendered":"Preventive detention orders against six people who attacked the water conduit in Ariari were requested"},"content":{"rendered":"<p>Due to damages caused by terrorist attacks in the Department of Meta, among them, the water conduit in the municipality of Granada (Meta), a local Prosecutor in Villavicencio, in support of the Specialized Nacional Directorate on Terrorism requested a judge with supervisory functions (control de garant\u00edas) to issue preventive detention orders against six alleged members of the 27 and 43\u00a0 FARC\u00b4s Fronts as alleged coauthors of terrorirm, rebellion, extortion, damage to property offenses.<\/p>\n<p>This decision concerns Luis Jaime Contreras Cano, head of FARC\u00b4s terrorist support networks; Paola Cristina Castro Amariles, Contreras\u00b4 partner;\u00a0 Jefferson Andr\u00e9s Contreras Cano, Omar Castro Rey, Alcides Pe\u00f1a Mojica and Luis Felipe L\u00f3pez M\u00e9ndez who were found by the 12<sup>th<\/sup> Army Brigade (Brigada M\u00f3vil 12 del Ej\u00e9rcito) and Police authorities from SIJIN in possession of mobile phones used to coordinate terrorist attacks.<\/p>\n","protected":false},"excerpt":{"rendered":"<p>Due to damages caused by terrorist attacks in the Department of Meta, among them, the water conduit in the municipality of Granada (Meta), a local Prosecutor in Villavicencio, in support of the Specialized Nacional Directorate on Terrorism requested a judge with supervisory functions (control de garant\u00edas) to issue preventive detention orders against six alleged members [&hellip;]<\/p>\n","protected":false},"author":1,"featured_media":0,"comment_status":"closed","ping_status":"open","sticky":false,"template":"","format":"standard","meta":{"footnotes":""},"categories":[],"tags":[],"class_list":["post-34253","post","type-post","status-publish","format-standard"],"_links":{"self":[{"href":"https:\/\/www.fiscalia.gov.co\/colombia\/en\/wp-json\/wp\/v2\/posts\/34253"}],"collection":[{"href":"https:\/\/www.fiscalia.gov.co\/colombia\/en\/wp-json\/wp\/v2\/posts"}],"about":[{"href":"https:\/\/www.fiscalia.gov.co\/colombia\/en\/wp-json\/wp\/v2\/types\/post"}],"author":[{"embeddable":true,"href":"https:\/\/www.fiscalia.gov.co\/colombia\/en\/wp-json\/wp\/v2\/users\/1"}],"replies":[{"embeddable":true,"href":"https:\/\/www.fiscalia.gov.co\/colombia\/en\/wp-json\/wp\/v2\/comments?post=34253"}],"version-history":[{"count":1,"href":"https:\/\/www.fiscalia.gov.co\/colombia\/en\/wp-json\/wp\/v2\/posts\/34253\/revisions"}],"predecessor-version":[{"id":34254,"href":"https:\/\/www.fiscalia.gov.co\/colombia\/en\/wp-json\/wp\/v2\/posts\/34253\/revisions\/34254"}],"wp:attachment":[{"href":"https:\/\/www.fiscalia.gov.co\/colombia\/en\/wp-json\/wp\/v2\/media?parent=34253"}],"wp:term":[{"taxonomy":"category","embeddable":true,"href":"https:\/\/www.fiscalia.gov.co\/colombia\/en\/wp-json\/wp\/v2\/categories?post=34253"},{"taxonomy":"post_tag","embeddable":true,"href":"https:\/\/www.fiscalia.gov.co\/colombia\/en\/wp-json\/wp\/v2\/tags?post=34253"}],"curies":[{"name":"wp","href":"https:\/\/api.w.org\/{rel}","templated":true}]}}