{"id":34245,"date":"2014-09-22T11:25:57","date_gmt":"2014-09-22T16:25:57","guid":{"rendered":"https:\/\/www.fiscalia.gov.co\/colombia\/en\/?p=34245"},"modified":"2014-11-04T09:09:19","modified_gmt":"2014-11-04T14:09:19","slug":"a-man-was-convicted-for-the-murder-of-his-underage-nephews","status":"publish","type":"post","link":"https:\/\/www.fiscalia.gov.co\/colombia\/en\/2014\/09\/22\/a-man-was-convicted-for-the-murder-of-his-underage-nephews\/","title":{"rendered":"A man was convicted for the murder of his underage nephews"},"content":{"rendered":"<p>More than 100 documentary, technical and scientific evidences submitted by the Attorney General\u00b4s Office allowed the First Criminal Circuit Court in Itag\u00fci (Antioquia) to convict Edwin Fabi\u00e1n Pineda Garc\u00e9s for the murder of his 11 and 12 years old nephews.<\/p>\n<p>On October 6, 2012, children were beaten to death while they were sleeping in their own home located at Ajizal neighborhood. The perpetrator hit his own face\u00a0 and tied himself to one of the beds in an adjacent\u00a0 room in order to mislead authorities.<\/p>\n","protected":false},"excerpt":{"rendered":"<p>More than 100 documentary, technical and scientific evidences submitted by the Attorney General\u00b4s Office allowed the First Criminal Circuit Court in Itag\u00fci (Antioquia) to convict Edwin Fabi\u00e1n Pineda Garc\u00e9s for the murder of his 11 and 12 years old nephews. On October 6, 2012, children were beaten to death while they were sleeping in their [&hellip;]<\/p>\n","protected":false},"author":1,"featured_media":0,"comment_status":"closed","ping_status":"open","sticky":false,"template":"","format":"standard","meta":{"footnotes":""},"categories":[],"tags":[],"class_list":["post-34245","post","type-post","status-publish","format-standard"],"_links":{"self":[{"href":"https:\/\/www.fiscalia.gov.co\/colombia\/en\/wp-json\/wp\/v2\/posts\/34245"}],"collection":[{"href":"https:\/\/www.fiscalia.gov.co\/colombia\/en\/wp-json\/wp\/v2\/posts"}],"about":[{"href":"https:\/\/www.fiscalia.gov.co\/colombia\/en\/wp-json\/wp\/v2\/types\/post"}],"author":[{"embeddable":true,"href":"https:\/\/www.fiscalia.gov.co\/colombia\/en\/wp-json\/wp\/v2\/users\/1"}],"replies":[{"embeddable":true,"href":"https:\/\/www.fiscalia.gov.co\/colombia\/en\/wp-json\/wp\/v2\/comments?post=34245"}],"version-history":[{"count":1,"href":"https:\/\/www.fiscalia.gov.co\/colombia\/en\/wp-json\/wp\/v2\/posts\/34245\/revisions"}],"predecessor-version":[{"id":34246,"href":"https:\/\/www.fiscalia.gov.co\/colombia\/en\/wp-json\/wp\/v2\/posts\/34245\/revisions\/34246"}],"wp:attachment":[{"href":"https:\/\/www.fiscalia.gov.co\/colombia\/en\/wp-json\/wp\/v2\/media?parent=34245"}],"wp:term":[{"taxonomy":"category","embeddable":true,"href":"https:\/\/www.fiscalia.gov.co\/colombia\/en\/wp-json\/wp\/v2\/categories?post=34245"},{"taxonomy":"post_tag","embeddable":true,"href":"https:\/\/www.fiscalia.gov.co\/colombia\/en\/wp-json\/wp\/v2\/tags?post=34245"}],"curies":[{"name":"wp","href":"https:\/\/api.w.org\/{rel}","templated":true}]}}