{"id":34226,"date":"2014-09-12T12:10:45","date_gmt":"2014-09-12T17:10:45","guid":{"rendered":"https:\/\/www.fiscalia.gov.co\/colombia\/en\/?p=34226"},"modified":"2014-10-22T14:36:38","modified_gmt":"2014-10-22T19:36:38","slug":"a-member-of-canada-negra-criminal-gang-will-serve-50-years-in-prison-for-murder","status":"publish","type":"post","link":"https:\/\/www.fiscalia.gov.co\/colombia\/en\/2014\/09\/12\/a-member-of-canada-negra-criminal-gang-will-serve-50-years-in-prison-for-murder\/","title":{"rendered":"A member of Ca\u00f1ada Negra criminal gang will serve 50 years in prison for murder"},"content":{"rendered":"<p>The 10th Criminal Circuit Court in Medell\u00edn sentenced John Edison Cuadros Echavarr\u00eda, alias Cuadros, member of the criminal gang Ca\u00f1ada Negra to 50 years in prison for the murder of Jos\u00e9 Alberto Giraldo Vidal, aka Chepe and personal injuries caused to H\u00e9ctor Javier S\u00e1nchez Vidal aka Pichi.<\/p>\n<p>The incident occurred in <em>Play\u00f3n de Los Comuneros<\/em> neighborhood on June 5, 2011 in Medell\u00edn, when several men, including the accused person, followed Giraldo Vidal, a 36 years old man, and killed him by using firearms. Sanchez Vidal, a 33 years old man was injured.<\/p>\n<p>&nbsp;<\/p>\n","protected":false},"excerpt":{"rendered":"<p>The 10th Criminal Circuit Court in Medell\u00edn sentenced John Edison Cuadros Echavarr\u00eda, alias Cuadros, member of the criminal gang Ca\u00f1ada Negra to 50 years in prison for the murder of Jos\u00e9 Alberto Giraldo Vidal, aka Chepe and personal injuries caused to H\u00e9ctor Javier S\u00e1nchez Vidal aka Pichi. The incident occurred in Play\u00f3n de Los Comuneros [&hellip;]<\/p>\n","protected":false},"author":1,"featured_media":0,"comment_status":"closed","ping_status":"open","sticky":false,"template":"","format":"standard","meta":{"footnotes":""},"categories":[],"tags":[],"class_list":["post-34226","post","type-post","status-publish","format-standard"],"_links":{"self":[{"href":"https:\/\/www.fiscalia.gov.co\/colombia\/en\/wp-json\/wp\/v2\/posts\/34226"}],"collection":[{"href":"https:\/\/www.fiscalia.gov.co\/colombia\/en\/wp-json\/wp\/v2\/posts"}],"about":[{"href":"https:\/\/www.fiscalia.gov.co\/colombia\/en\/wp-json\/wp\/v2\/types\/post"}],"author":[{"embeddable":true,"href":"https:\/\/www.fiscalia.gov.co\/colombia\/en\/wp-json\/wp\/v2\/users\/1"}],"replies":[{"embeddable":true,"href":"https:\/\/www.fiscalia.gov.co\/colombia\/en\/wp-json\/wp\/v2\/comments?post=34226"}],"version-history":[{"count":1,"href":"https:\/\/www.fiscalia.gov.co\/colombia\/en\/wp-json\/wp\/v2\/posts\/34226\/revisions"}],"predecessor-version":[{"id":34227,"href":"https:\/\/www.fiscalia.gov.co\/colombia\/en\/wp-json\/wp\/v2\/posts\/34226\/revisions\/34227"}],"wp:attachment":[{"href":"https:\/\/www.fiscalia.gov.co\/colombia\/en\/wp-json\/wp\/v2\/media?parent=34226"}],"wp:term":[{"taxonomy":"category","embeddable":true,"href":"https:\/\/www.fiscalia.gov.co\/colombia\/en\/wp-json\/wp\/v2\/categories?post=34226"},{"taxonomy":"post_tag","embeddable":true,"href":"https:\/\/www.fiscalia.gov.co\/colombia\/en\/wp-json\/wp\/v2\/tags?post=34226"}],"curies":[{"name":"wp","href":"https:\/\/api.w.org\/{rel}","templated":true}]}}