{"id":34222,"date":"2014-09-12T15:39:09","date_gmt":"2014-09-12T20:39:09","guid":{"rendered":"https:\/\/www.fiscalia.gov.co\/colombia\/en\/?p=34222"},"modified":"2014-10-22T14:33:19","modified_gmt":"2014-10-22T19:33:19","slug":"mayor-of-puerto-boyaca-was-convicted","status":"publish","type":"post","link":"https:\/\/www.fiscalia.gov.co\/colombia\/en\/2014\/09\/12\/mayor-of-puerto-boyaca-was-convicted\/","title":{"rendered":"Mayor of Puerto Boyac\u00e1 was convicted"},"content":{"rendered":"<p>The High Court in Manizales (Caldas) sentenced the mayor of Puerto Boyac\u00e1 for the year 2004, Luis Eduardo \u00c1lvarez Acevedo to six (6) years in prison\u00a0 for the offense of embezzlement.<\/p>\n<p>A prosecutor belonging to the Specialized National Directorate of Prosecutor\u00b4s offices on Anticorruption brought charges against Meyer Reyes Bocanegra, David de Jes\u00fas Vel\u00e1squez and the above mentioned former mayor, for the offense of misappropriation. They had been convicted in first instance by the 3<sup>rd<\/sup> Criminal Circuit Court in Manizales.<\/p>\n","protected":false},"excerpt":{"rendered":"<p>The High Court in Manizales (Caldas) sentenced the mayor of Puerto Boyac\u00e1 for the year 2004, Luis Eduardo \u00c1lvarez Acevedo to six (6) years in prison\u00a0 for the offense of embezzlement. A prosecutor belonging to the Specialized National Directorate of Prosecutor\u00b4s offices on Anticorruption brought charges against Meyer Reyes Bocanegra, David de Jes\u00fas Vel\u00e1squez and [&hellip;]<\/p>\n","protected":false},"author":1,"featured_media":0,"comment_status":"closed","ping_status":"open","sticky":false,"template":"","format":"standard","meta":{"footnotes":""},"categories":[],"tags":[],"class_list":["post-34222","post","type-post","status-publish","format-standard"],"_links":{"self":[{"href":"https:\/\/www.fiscalia.gov.co\/colombia\/en\/wp-json\/wp\/v2\/posts\/34222"}],"collection":[{"href":"https:\/\/www.fiscalia.gov.co\/colombia\/en\/wp-json\/wp\/v2\/posts"}],"about":[{"href":"https:\/\/www.fiscalia.gov.co\/colombia\/en\/wp-json\/wp\/v2\/types\/post"}],"author":[{"embeddable":true,"href":"https:\/\/www.fiscalia.gov.co\/colombia\/en\/wp-json\/wp\/v2\/users\/1"}],"replies":[{"embeddable":true,"href":"https:\/\/www.fiscalia.gov.co\/colombia\/en\/wp-json\/wp\/v2\/comments?post=34222"}],"version-history":[{"count":1,"href":"https:\/\/www.fiscalia.gov.co\/colombia\/en\/wp-json\/wp\/v2\/posts\/34222\/revisions"}],"predecessor-version":[{"id":34223,"href":"https:\/\/www.fiscalia.gov.co\/colombia\/en\/wp-json\/wp\/v2\/posts\/34222\/revisions\/34223"}],"wp:attachment":[{"href":"https:\/\/www.fiscalia.gov.co\/colombia\/en\/wp-json\/wp\/v2\/media?parent=34222"}],"wp:term":[{"taxonomy":"category","embeddable":true,"href":"https:\/\/www.fiscalia.gov.co\/colombia\/en\/wp-json\/wp\/v2\/categories?post=34222"},{"taxonomy":"post_tag","embeddable":true,"href":"https:\/\/www.fiscalia.gov.co\/colombia\/en\/wp-json\/wp\/v2\/tags?post=34222"}],"curies":[{"name":"wp","href":"https:\/\/api.w.org\/{rel}","templated":true}]}}