{"id":34218,"date":"2014-09-15T10:39:46","date_gmt":"2014-09-15T15:39:46","guid":{"rendered":"https:\/\/www.fiscalia.gov.co\/colombia\/en\/?p=34218"},"modified":"2014-10-22T14:30:59","modified_gmt":"2014-10-22T19:30:59","slug":"an-army-officer-was-sentenced-to-41-years-in-prison-for-a-triple-homicide-case","status":"publish","type":"post","link":"https:\/\/www.fiscalia.gov.co\/colombia\/en\/2014\/09\/15\/an-army-officer-was-sentenced-to-41-years-in-prison-for-a-triple-homicide-case\/","title":{"rendered":"An army officer was sentenced to 41 years in prison for a triple homicide case"},"content":{"rendered":"<p>The Army Major \u00c1lvaro Alfredo Gamboa Quiroga was sentenced to 41 years and 6 months in prison for the murder of three street peddlers who were presented as criminals that were killed \u00a0during an alleged combat in western area of Medellin.<\/p>\n<p>On march 21<sup>st<\/sup>, 2007 troops of the army brigade \u201cAgrupaci\u00f3n de Fuerzas Especiales Urbanas de la Cuarta Brigada del Ej\u00e9rcito (Afeur)\u201d which was led by the above prosecuted person, informed about the death of Jhon Andr\u00e9s G\u00f3mez, H\u00e9ctor Arley Pel\u00e1ez Chalarca and Carlos Andr\u00e9s Herrera Mej\u00eda. According to the military report, the victims were surprised trying to assault a military checkpoint located in a small town in Medellin called San Cristobal.<\/p>\n","protected":false},"excerpt":{"rendered":"<p>The Army Major \u00c1lvaro Alfredo Gamboa Quiroga was sentenced to 41 years and 6 months in prison for the murder of three street peddlers who were presented as criminals that were killed \u00a0during an alleged combat in western area of Medellin. On march 21st, 2007 troops of the army brigade \u201cAgrupaci\u00f3n de Fuerzas Especiales Urbanas [&hellip;]<\/p>\n","protected":false},"author":1,"featured_media":0,"comment_status":"closed","ping_status":"open","sticky":false,"template":"","format":"standard","meta":{"footnotes":""},"categories":[],"tags":[],"class_list":["post-34218","post","type-post","status-publish","format-standard"],"_links":{"self":[{"href":"https:\/\/www.fiscalia.gov.co\/colombia\/en\/wp-json\/wp\/v2\/posts\/34218"}],"collection":[{"href":"https:\/\/www.fiscalia.gov.co\/colombia\/en\/wp-json\/wp\/v2\/posts"}],"about":[{"href":"https:\/\/www.fiscalia.gov.co\/colombia\/en\/wp-json\/wp\/v2\/types\/post"}],"author":[{"embeddable":true,"href":"https:\/\/www.fiscalia.gov.co\/colombia\/en\/wp-json\/wp\/v2\/users\/1"}],"replies":[{"embeddable":true,"href":"https:\/\/www.fiscalia.gov.co\/colombia\/en\/wp-json\/wp\/v2\/comments?post=34218"}],"version-history":[{"count":1,"href":"https:\/\/www.fiscalia.gov.co\/colombia\/en\/wp-json\/wp\/v2\/posts\/34218\/revisions"}],"predecessor-version":[{"id":34219,"href":"https:\/\/www.fiscalia.gov.co\/colombia\/en\/wp-json\/wp\/v2\/posts\/34218\/revisions\/34219"}],"wp:attachment":[{"href":"https:\/\/www.fiscalia.gov.co\/colombia\/en\/wp-json\/wp\/v2\/media?parent=34218"}],"wp:term":[{"taxonomy":"category","embeddable":true,"href":"https:\/\/www.fiscalia.gov.co\/colombia\/en\/wp-json\/wp\/v2\/categories?post=34218"},{"taxonomy":"post_tag","embeddable":true,"href":"https:\/\/www.fiscalia.gov.co\/colombia\/en\/wp-json\/wp\/v2\/tags?post=34218"}],"curies":[{"name":"wp","href":"https:\/\/api.w.org\/{rel}","templated":true}]}}