{"id":34205,"date":"2014-09-08T11:49:38","date_gmt":"2014-09-08T16:49:38","guid":{"rendered":"https:\/\/www.fiscalia.gov.co\/colombia\/en\/?p=34205"},"modified":"2014-10-22T12:45:28","modified_gmt":"2014-10-22T17:45:28","slug":"false-witnesses-who-accused-former-senator-of-parapolitics-will-be-charged","status":"publish","type":"post","link":"https:\/\/www.fiscalia.gov.co\/colombia\/en\/2014\/09\/08\/false-witnesses-who-accused-former-senator-of-parapolitics-will-be-charged\/","title":{"rendered":"False witnesses who accused former senator of parapolitics will be charged"},"content":{"rendered":"<p>Andr\u00e9s de Jes\u00fas V\u00e9lez Franco and Luis Alberto Medina Salazar, alias Negro Julio or \u00a0Cristomalo will be charged with the crime of perjury by the Attorney General&#8217;s Office.<\/p>\n<p>The case against these two men emerged from the investigation conducted against \u00a0former member of Congress Nancy Patricia Guti\u00e9rrez. The case of the latter was filed by the Supreme Court.<\/p>\n<p>Medina and Velez stated before the judges of the Court that Gutierrez had links with militiamen from Magdalena Medio: Eduardo Cifuentes Galindo, alias El \u00c1guila, and Oscar William Valencia, alias El P\u00e1jaro. This fact was not proved in the process. Therefore, the offense of perjury was committed.<\/p>\n","protected":false},"excerpt":{"rendered":"<p>Andr\u00e9s de Jes\u00fas V\u00e9lez Franco and Luis Alberto Medina Salazar, alias Negro Julio or \u00a0Cristomalo will be charged with the crime of perjury by the Attorney General&#8217;s Office. The case against these two men emerged from the investigation conducted against \u00a0former member of Congress Nancy Patricia Guti\u00e9rrez. The case of the latter was filed by [&hellip;]<\/p>\n","protected":false},"author":1,"featured_media":0,"comment_status":"closed","ping_status":"open","sticky":false,"template":"","format":"standard","meta":{"footnotes":""},"categories":[],"tags":[],"class_list":["post-34205","post","type-post","status-publish","format-standard"],"_links":{"self":[{"href":"https:\/\/www.fiscalia.gov.co\/colombia\/en\/wp-json\/wp\/v2\/posts\/34205"}],"collection":[{"href":"https:\/\/www.fiscalia.gov.co\/colombia\/en\/wp-json\/wp\/v2\/posts"}],"about":[{"href":"https:\/\/www.fiscalia.gov.co\/colombia\/en\/wp-json\/wp\/v2\/types\/post"}],"author":[{"embeddable":true,"href":"https:\/\/www.fiscalia.gov.co\/colombia\/en\/wp-json\/wp\/v2\/users\/1"}],"replies":[{"embeddable":true,"href":"https:\/\/www.fiscalia.gov.co\/colombia\/en\/wp-json\/wp\/v2\/comments?post=34205"}],"version-history":[{"count":1,"href":"https:\/\/www.fiscalia.gov.co\/colombia\/en\/wp-json\/wp\/v2\/posts\/34205\/revisions"}],"predecessor-version":[{"id":34206,"href":"https:\/\/www.fiscalia.gov.co\/colombia\/en\/wp-json\/wp\/v2\/posts\/34205\/revisions\/34206"}],"wp:attachment":[{"href":"https:\/\/www.fiscalia.gov.co\/colombia\/en\/wp-json\/wp\/v2\/media?parent=34205"}],"wp:term":[{"taxonomy":"category","embeddable":true,"href":"https:\/\/www.fiscalia.gov.co\/colombia\/en\/wp-json\/wp\/v2\/categories?post=34205"},{"taxonomy":"post_tag","embeddable":true,"href":"https:\/\/www.fiscalia.gov.co\/colombia\/en\/wp-json\/wp\/v2\/tags?post=34205"}],"curies":[{"name":"wp","href":"https:\/\/api.w.org\/{rel}","templated":true}]}}