{"id":34171,"date":"2014-09-11T15:34:43","date_gmt":"2014-09-11T20:34:43","guid":{"rendered":"https:\/\/www.fiscalia.gov.co\/colombia\/en\/?p=34171"},"modified":"2014-10-20T09:24:14","modified_gmt":"2014-10-20T14:24:14","slug":"a-preventive-detention-order-was-issued-against-alias-la-mona-for-drug-trafficking-to-the-united-states-and-europe","status":"publish","type":"post","link":"https:\/\/www.fiscalia.gov.co\/colombia\/en\/2014\/09\/11\/a-preventive-detention-order-was-issued-against-alias-la-mona-for-drug-trafficking-to-the-united-states-and-europe\/","title":{"rendered":"A preventive detention order was issued against alias la Mona for drug trafficking to the United States and Europe"},"content":{"rendered":"<p>The 78th Municipal Criminal Judge in Bogot\u00e1, with supervisory functions (control de garant\u00edas) issued a preventive detention order against Olga Luc\u00eda Vargas Guayab\u00e1n, alias <em>La Mona<\/em>, for her alleged participation in the crimes of aggravated manufacture or drug possession.<\/p>\n<p><span style=\"font-size: 13px;\">According to the investigation conducted by the 25<\/span><sup>th<\/sup><span style=\"font-size: 13px;\"> Prosecutor\u00b4s Office belonging to the Specialized National Directorate on Antinarcotics and Money Laundering, the woman was member of a criminal network trafficking drugs from \u00a0regions of Colombia to the United States and some European countries.<\/span><\/p>\n","protected":false},"excerpt":{"rendered":"<p>The 78th Municipal Criminal Judge in Bogot\u00e1, with supervisory functions (control de garant\u00edas) issued a preventive detention order against Olga Luc\u00eda Vargas Guayab\u00e1n, alias La Mona, for her alleged participation in the crimes of aggravated manufacture or drug possession. According to the investigation conducted by the 25th Prosecutor\u00b4s Office belonging to the Specialized National Directorate [&hellip;]<\/p>\n","protected":false},"author":1,"featured_media":0,"comment_status":"closed","ping_status":"open","sticky":false,"template":"","format":"standard","meta":{"footnotes":""},"categories":[],"tags":[],"class_list":["post-34171","post","type-post","status-publish","format-standard"],"_links":{"self":[{"href":"https:\/\/www.fiscalia.gov.co\/colombia\/en\/wp-json\/wp\/v2\/posts\/34171"}],"collection":[{"href":"https:\/\/www.fiscalia.gov.co\/colombia\/en\/wp-json\/wp\/v2\/posts"}],"about":[{"href":"https:\/\/www.fiscalia.gov.co\/colombia\/en\/wp-json\/wp\/v2\/types\/post"}],"author":[{"embeddable":true,"href":"https:\/\/www.fiscalia.gov.co\/colombia\/en\/wp-json\/wp\/v2\/users\/1"}],"replies":[{"embeddable":true,"href":"https:\/\/www.fiscalia.gov.co\/colombia\/en\/wp-json\/wp\/v2\/comments?post=34171"}],"version-history":[{"count":1,"href":"https:\/\/www.fiscalia.gov.co\/colombia\/en\/wp-json\/wp\/v2\/posts\/34171\/revisions"}],"predecessor-version":[{"id":34172,"href":"https:\/\/www.fiscalia.gov.co\/colombia\/en\/wp-json\/wp\/v2\/posts\/34171\/revisions\/34172"}],"wp:attachment":[{"href":"https:\/\/www.fiscalia.gov.co\/colombia\/en\/wp-json\/wp\/v2\/media?parent=34171"}],"wp:term":[{"taxonomy":"category","embeddable":true,"href":"https:\/\/www.fiscalia.gov.co\/colombia\/en\/wp-json\/wp\/v2\/categories?post=34171"},{"taxonomy":"post_tag","embeddable":true,"href":"https:\/\/www.fiscalia.gov.co\/colombia\/en\/wp-json\/wp\/v2\/tags?post=34171"}],"curies":[{"name":"wp","href":"https:\/\/api.w.org\/{rel}","templated":true}]}}