{"id":34143,"date":"2014-09-02T17:05:52","date_gmt":"2014-09-02T22:05:52","guid":{"rendered":"https:\/\/www.fiscalia.gov.co\/colombia\/en\/?p=34143"},"modified":"2014-10-10T09:08:01","modified_gmt":"2014-10-10T14:08:01","slug":"former-militiamen-were-condemned-for-more-than-130-offenses","status":"publish","type":"post","link":"https:\/\/www.fiscalia.gov.co\/colombia\/en\/2014\/09\/02\/former-militiamen-were-condemned-for-more-than-130-offenses\/","title":{"rendered":"Former militiamen were condemned for more than 130 offenses"},"content":{"rendered":"<p>The Transitional Justice Chamber from the High Court in Medell\u00edn which has jurisdiction over this matter \u201cfunciones de conocimiento\u201d sentenced eight (8) demobilized members from \u00c9lmer C\u00e1rdenas Bloc, for the perpetration of more than 130 crimes committed between 1996 and 2004 in several areas of the country, including massacres in areas such as\u00a0 La Horqueta (Cundinamarca) and \u00a0R\u00edosucio (Choc\u00f3).<\/p>\n<p>As a result , Elkin Jorge Casta\u00f1eda Naranjo, alias Herm\u00f3genez Maza or Guevudo, former ringleader of Dabeiba Bloc; Pablo Jos\u00e9 Montalvo Cuitiva, alias Alfa 11\u00a0or David; Dairon Mendoza Caraballo, alias Rogelio or Coca Colo; Efra\u00edn Homero Hern\u00e1ndez, alias Armero; Juan Pablo L\u00f3pez Quintero, alias Chimurro, and Dar\u00edo Enrique V\u00e9lez Trujillo, alias Gabriel or el T\u00edo, were sentenced to an alternative sentence of 8 years in prisi\u00f3n.<\/p>\n","protected":false},"excerpt":{"rendered":"<p>The Transitional Justice Chamber from the High Court in Medell\u00edn which has jurisdiction over this matter \u201cfunciones de conocimiento\u201d sentenced eight (8) demobilized members from \u00c9lmer C\u00e1rdenas Bloc, for the perpetration of more than 130 crimes committed between 1996 and 2004 in several areas of the country, including massacres in areas such as\u00a0 La Horqueta [&hellip;]<\/p>\n","protected":false},"author":1,"featured_media":0,"comment_status":"closed","ping_status":"open","sticky":false,"template":"","format":"standard","meta":{"footnotes":""},"categories":[],"tags":[],"class_list":["post-34143","post","type-post","status-publish","format-standard"],"_links":{"self":[{"href":"https:\/\/www.fiscalia.gov.co\/colombia\/en\/wp-json\/wp\/v2\/posts\/34143"}],"collection":[{"href":"https:\/\/www.fiscalia.gov.co\/colombia\/en\/wp-json\/wp\/v2\/posts"}],"about":[{"href":"https:\/\/www.fiscalia.gov.co\/colombia\/en\/wp-json\/wp\/v2\/types\/post"}],"author":[{"embeddable":true,"href":"https:\/\/www.fiscalia.gov.co\/colombia\/en\/wp-json\/wp\/v2\/users\/1"}],"replies":[{"embeddable":true,"href":"https:\/\/www.fiscalia.gov.co\/colombia\/en\/wp-json\/wp\/v2\/comments?post=34143"}],"version-history":[{"count":1,"href":"https:\/\/www.fiscalia.gov.co\/colombia\/en\/wp-json\/wp\/v2\/posts\/34143\/revisions"}],"predecessor-version":[{"id":34144,"href":"https:\/\/www.fiscalia.gov.co\/colombia\/en\/wp-json\/wp\/v2\/posts\/34143\/revisions\/34144"}],"wp:attachment":[{"href":"https:\/\/www.fiscalia.gov.co\/colombia\/en\/wp-json\/wp\/v2\/media?parent=34143"}],"wp:term":[{"taxonomy":"category","embeddable":true,"href":"https:\/\/www.fiscalia.gov.co\/colombia\/en\/wp-json\/wp\/v2\/categories?post=34143"},{"taxonomy":"post_tag","embeddable":true,"href":"https:\/\/www.fiscalia.gov.co\/colombia\/en\/wp-json\/wp\/v2\/tags?post=34143"}],"curies":[{"name":"wp","href":"https:\/\/api.w.org\/{rel}","templated":true}]}}