{"id":34126,"date":"2014-09-01T09:26:54","date_gmt":"2014-09-01T14:26:54","guid":{"rendered":"https:\/\/www.fiscalia.gov.co\/colombia\/en\/?p=34126"},"modified":"2014-10-09T10:45:15","modified_gmt":"2014-10-09T15:45:15","slug":"repatriated-pre-columbian-pieces-will-be-exhibited-today","status":"publish","type":"post","link":"https:\/\/www.fiscalia.gov.co\/colombia\/en\/2014\/09\/01\/repatriated-pre-columbian-pieces-will-be-exhibited-today\/","title":{"rendered":"Repatriated Pre-Columbian pieces will be exhibited today"},"content":{"rendered":"<p>An exhibition of selected pre-Columbian pieces that were repatriated from Spain will be held in the presence of mass media and the interim Attorney General, Jorge Fernando Perdomo Torres; Minister of Foreign Affairs, Mar\u00eda \u00c1ngela Holgu\u00edn; Minister of Culture, Mariana Garc\u00e9s; the director of the Colombian Institute of Anthropology and History (ICANH- Instituto Colombiano de Antropolog\u00eda e Historia), Fabian Sanabria; and the President of DHL Express Colombia, Jorge Lavignasse.<\/p>\n<p>A total of 691 archaeological pieces with great historic value were seized in 2003 in the European country as part of an operative conducted against drug trafficking and money laundering. Their repatriation is considered the most important ever made in the country&#8217;s recent history.<\/p>\n","protected":false},"excerpt":{"rendered":"<p>An exhibition of selected pre-Columbian pieces that were repatriated from Spain will be held in the presence of mass media and the interim Attorney General, Jorge Fernando Perdomo Torres; Minister of Foreign Affairs, Mar\u00eda \u00c1ngela Holgu\u00edn; Minister of Culture, Mariana Garc\u00e9s; the director of the Colombian Institute of Anthropology and History (ICANH- Instituto Colombiano de [&hellip;]<\/p>\n","protected":false},"author":1,"featured_media":0,"comment_status":"closed","ping_status":"open","sticky":false,"template":"","format":"standard","meta":{"footnotes":""},"categories":[],"tags":[],"class_list":["post-34126","post","type-post","status-publish","format-standard"],"_links":{"self":[{"href":"https:\/\/www.fiscalia.gov.co\/colombia\/en\/wp-json\/wp\/v2\/posts\/34126"}],"collection":[{"href":"https:\/\/www.fiscalia.gov.co\/colombia\/en\/wp-json\/wp\/v2\/posts"}],"about":[{"href":"https:\/\/www.fiscalia.gov.co\/colombia\/en\/wp-json\/wp\/v2\/types\/post"}],"author":[{"embeddable":true,"href":"https:\/\/www.fiscalia.gov.co\/colombia\/en\/wp-json\/wp\/v2\/users\/1"}],"replies":[{"embeddable":true,"href":"https:\/\/www.fiscalia.gov.co\/colombia\/en\/wp-json\/wp\/v2\/comments?post=34126"}],"version-history":[{"count":1,"href":"https:\/\/www.fiscalia.gov.co\/colombia\/en\/wp-json\/wp\/v2\/posts\/34126\/revisions"}],"predecessor-version":[{"id":34127,"href":"https:\/\/www.fiscalia.gov.co\/colombia\/en\/wp-json\/wp\/v2\/posts\/34126\/revisions\/34127"}],"wp:attachment":[{"href":"https:\/\/www.fiscalia.gov.co\/colombia\/en\/wp-json\/wp\/v2\/media?parent=34126"}],"wp:term":[{"taxonomy":"category","embeddable":true,"href":"https:\/\/www.fiscalia.gov.co\/colombia\/en\/wp-json\/wp\/v2\/categories?post=34126"},{"taxonomy":"post_tag","embeddable":true,"href":"https:\/\/www.fiscalia.gov.co\/colombia\/en\/wp-json\/wp\/v2\/tags?post=34126"}],"curies":[{"name":"wp","href":"https:\/\/api.w.org\/{rel}","templated":true}]}}