{"id":34119,"date":"2014-09-01T19:39:01","date_gmt":"2014-09-02T00:39:01","guid":{"rendered":"https:\/\/www.fiscalia.gov.co\/colombia\/en\/?p=34119"},"modified":"2014-10-09T10:40:39","modified_gmt":"2014-10-09T15:40:39","slug":"alias-el-brujo-second-in-command-at-the-auc-montes-de-maria-bloc-was-arrested","status":"publish","type":"post","link":"https:\/\/www.fiscalia.gov.co\/colombia\/en\/2014\/09\/01\/alias-el-brujo-second-in-command-at-the-auc-montes-de-maria-bloc-was-arrested\/","title":{"rendered":"Alias \u201cEl Brujo\u201d, second in command at the AUC Montes de Mar\u00eda Bloc,  was arrested"},"content":{"rendered":"<p>The Criminal Investigation Team (CTI), assigned to the National Directorate of Analysis and Contexts, arrested Victor Mauricio Peralta Orozco, alias <em>El Brujo<\/em>, second in command at the <em>Self Defense<\/em><strong> <\/strong>Forces of <em>Colombia<\/em> (AUC), Montes de Mar\u00eda Bloc which was led by Marco Tulio P\u00e9rez Guzm\u00e1n, alias El Oso.<\/p>\n<p>The arrest was carried out in the Department of Bolivar, kilometer 26, Mamonal -Gambote road.<\/p>\n","protected":false},"excerpt":{"rendered":"<p>The Criminal Investigation Team (CTI), assigned to the National Directorate of Analysis and Contexts, arrested Victor Mauricio Peralta Orozco, alias El Brujo, second in command at the Self Defense Forces of Colombia (AUC), Montes de Mar\u00eda Bloc which was led by Marco Tulio P\u00e9rez Guzm\u00e1n, alias El Oso. The arrest was carried out in the [&hellip;]<\/p>\n","protected":false},"author":1,"featured_media":0,"comment_status":"closed","ping_status":"open","sticky":false,"template":"","format":"standard","meta":{"footnotes":""},"categories":[],"tags":[],"class_list":["post-34119","post","type-post","status-publish","format-standard"],"_links":{"self":[{"href":"https:\/\/www.fiscalia.gov.co\/colombia\/en\/wp-json\/wp\/v2\/posts\/34119"}],"collection":[{"href":"https:\/\/www.fiscalia.gov.co\/colombia\/en\/wp-json\/wp\/v2\/posts"}],"about":[{"href":"https:\/\/www.fiscalia.gov.co\/colombia\/en\/wp-json\/wp\/v2\/types\/post"}],"author":[{"embeddable":true,"href":"https:\/\/www.fiscalia.gov.co\/colombia\/en\/wp-json\/wp\/v2\/users\/1"}],"replies":[{"embeddable":true,"href":"https:\/\/www.fiscalia.gov.co\/colombia\/en\/wp-json\/wp\/v2\/comments?post=34119"}],"version-history":[{"count":1,"href":"https:\/\/www.fiscalia.gov.co\/colombia\/en\/wp-json\/wp\/v2\/posts\/34119\/revisions"}],"predecessor-version":[{"id":34120,"href":"https:\/\/www.fiscalia.gov.co\/colombia\/en\/wp-json\/wp\/v2\/posts\/34119\/revisions\/34120"}],"wp:attachment":[{"href":"https:\/\/www.fiscalia.gov.co\/colombia\/en\/wp-json\/wp\/v2\/media?parent=34119"}],"wp:term":[{"taxonomy":"category","embeddable":true,"href":"https:\/\/www.fiscalia.gov.co\/colombia\/en\/wp-json\/wp\/v2\/categories?post=34119"},{"taxonomy":"post_tag","embeddable":true,"href":"https:\/\/www.fiscalia.gov.co\/colombia\/en\/wp-json\/wp\/v2\/tags?post=34119"}],"curies":[{"name":"wp","href":"https:\/\/api.w.org\/{rel}","templated":true}]}}